{"id":41042,"date":"2025-08-23T01:35:12","date_gmt":"2025-08-23T01:35:12","guid":{"rendered":"https:\/\/www.europesays.com\/pt\/41042\/"},"modified":"2025-08-23T01:35:12","modified_gmt":"2025-08-23T01:35:12","slug":"preta-gil-ganha-homenagem-em-eta-mundo-melhor-saiba-detalhes-e-quando-vai-ao-ar","status":"publish","type":"post","link":"https:\/\/www.europesays.com\/pt\/41042\/","title":{"rendered":"Preta Gil ganha homenagem em \u00cata Mundo Melhor; saiba detalhes e quando vai ao ar"},"content":{"rendered":"<p>Preta Gil ser\u00e1 homenageada no cap\u00edtulo de \u00cata Mundo Melhor que ir\u00e1 ao ar no s\u00e1bado (23) na Globo. A cantora, que morreu em julho deste ano em decorr\u00eancia de complica\u00e7\u00f5es do c\u00e2ncer, era amiga de inf\u00e2ncia de Amora Mautner, diretora da novela, que idealizou a cena especial.<\/p>\n<p>De acordo com informa\u00e7\u00f5es adiantadas pela emissora, Dita (<a href=\"https:\/\/natelinha.uol.com.br\/famosos\/tudo-sobre\/jeniffer-nascimento\" rel=\"nofollow noopener\" target=\"_blank\">Jeniffer Nascimento<\/a>) vai se deparar com uma foto da artista no corredor da R\u00e1dio Para\u00edzo. O espa\u00e7o ser\u00e1 dedicado a destacar grandes cantoras que marcaram \u00e9poca.<\/p>\n<p>+\u00a0<a href=\"https:\/\/natelinha.uol.com.br\/famosos\/2025\/08\/22\/cacula-de-faustao-abre-o-jogo-apos-flagra-com-ex-bailarina-do-pai-nao-tem-como-mentir-230270.php\" rel=\"nofollow noopener\" target=\"_blank\">Ca\u00e7ula de Faust\u00e3o abre o jogo ap\u00f3s flagra com ex-bailarina do pai: &#8220;N\u00e3o tem como mentir&#8221;<\/a><\/p>\n<p>continua depois da publicidade<\/p>\n<p>+\u00a0<a href=\"https:\/\/natelinha.uol.com.br\/televisao\/2025\/08\/22\/afiliada-do-sbt-em-recife-enfrenta-crise-de-audiencia-e-tensao-nos-bastidores--230263.php\" rel=\"nofollow noopener\" target=\"_blank\">Afiliada do SBT em Recife enfrenta crise de audi\u00eancia e tens\u00e3o nos bastidores<\/a><\/p>\n<p>Diante do quadro, a personagem da trama das seis vai confessar: &#8220;Oc\u00ea me inspira tanto&#8230;&#8221;. J\u00e1 no cap\u00edtulo previsto para ser exibido no pr\u00f3ximo dia 30, <a href=\"https:\/\/natelinha.uol.com.br\/famosos\/tudo-sobre\/preta-gil\" rel=\"nofollow noopener\" target=\"_blank\">Preta Gil<\/a> ganhar\u00e1 uma segunda homenagem, estampando a capa de uma revista.<\/p>\n<p>Amora Mautner fala sobre homenagem a Preta Gil<\/p>\n<p><img decoding=\"async\" loading=\"lazy\" class=\"horizontal\" src=\"https:\/\/www.europesays.com\/pt\/wp-content\/uploads\/2025\/08\/h2-preta-gil-ganha-homenagem-eta-mundo-melhor_6227.jpeg\" alt=\"Foto de homenagem a Preta Gil em \u00cata Mundo Melhor\" width=\"1240\" height=\"719\"\/><\/p>\n<p>A ideia de homenagear Preta Gil em \u00cata Mundo Melhor partiu da diretora <a href=\"https:\/\/natelinha.uol.com.br\/famosos\/tudo-sobre\/amora-mautner\" rel=\"nofollow noopener\" target=\"_blank\">Amora Mautner<\/a>, com quem a cantora mantinha uma amizade de d\u00e9cadas. A veterana explicou que ainda est\u00e1 em processo de entender o luto, mas guarda a amiga dentro dela.<\/p>\n<p>&#8220;No cen\u00e1rio, t\u00ednhamos fotos de cantoras de r\u00e1dio da \u00e9poca e pedi que colocassem a foto da Preta no lugar para fazer essa homenagem. A Preta \u00e9 minha refer\u00eancia de vida, minha irm\u00e3, meu sol, aprendendo a viver sem ela, e com ela sempre, dentro de mim&#8221;, enalteceu.<\/p>\n<p>continua depois da publicidade<\/p>\n<p><a href=\"https:\/\/natelinha.uol.com.br\/famosos\/2025\/07\/20\/morre-preta-gil-aos-50-anos-228832.php#:~:text=A%20cantora%20Preta%20Gil%20faleceu,ap%C3%B3s%20um%20diagn%C3%B3stico%20em%202023.\" rel=\"nofollow noopener\" target=\"_blank\">Preta Gil morreu em 20 de julho, aos 50 anos<\/a>. A cantora estava nos Estados Unidos, para onde viajou com o objetivo de se submeter a um tratamento experimental contra um c\u00e2ncer agressivo no intestino. Nos \u00faltimos meses, a doen\u00e7a havia se espalhado para outros \u00f3rg\u00e3os.<\/p>\n","protected":false},"excerpt":{"rendered":"Preta Gil ser\u00e1 homenageada no cap\u00edtulo de \u00cata Mundo Melhor que ir\u00e1 ao ar no s\u00e1bado (23) na&hellip;\n","protected":false},"author":2,"featured_media":41043,"comment_status":"","ping_status":"","sticky":false,"template":"","format":"standard","meta":{"footnotes":""},"categories":[142],"tags":[12483,114,115,3378,753,32,862,33,151],"class_list":{"0":"post-41042","1":"post","2":"type-post","3":"status-publish","4":"format-standard","5":"has-post-thumbnail","7":"category-tv","8":"tag-amora-mautner","9":"tag-entertainment","10":"tag-entretenimento","11":"tag-eta-mundo-melhor","12":"tag-globo","13":"tag-portugal","14":"tag-preta-gil","15":"tag-pt","16":"tag-tv"},"share_on_mastodon":{"url":"","error":""},"_links":{"self":[{"href":"https:\/\/www.europesays.com\/pt\/wp-json\/wp\/v2\/posts\/41042","targetHints":{"allow":["GET"]}}],"collection":[{"href":"https:\/\/www.europesays.com\/pt\/wp-json\/wp\/v2\/posts"}],"about":[{"href":"https:\/\/www.europesays.com\/pt\/wp-json\/wp\/v2\/types\/post"}],"author":[{"embeddable":true,"href":"https:\/\/www.europesays.com\/pt\/wp-json\/wp\/v2\/users\/2"}],"replies":[{"embeddable":true,"href":"https:\/\/www.europesays.com\/pt\/wp-json\/wp\/v2\/comments?post=41042"}],"version-history":[{"count":0,"href":"https:\/\/www.europesays.com\/pt\/wp-json\/wp\/v2\/posts\/41042\/revisions"}],"wp:featuredmedia":[{"embeddable":true,"href":"https:\/\/www.europesays.com\/pt\/wp-json\/wp\/v2\/media\/41043"}],"wp:attachment":[{"href":"https:\/\/www.europesays.com\/pt\/wp-json\/wp\/v2\/media?parent=41042"}],"wp:term":[{"taxonomy":"category","embeddable":true,"href":"https:\/\/www.europesays.com\/pt\/wp-json\/wp\/v2\/categories?post=41042"},{"taxonomy":"post_tag","embeddable":true,"href":"https:\/\/www.europesays.com\/pt\/wp-json\/wp\/v2\/tags?post=41042"}],"curies":[{"name":"wp","href":"https:\/\/api.w.org\/{rel}","templated":true}]}}