{"id":41046,"date":"2025-08-23T01:38:07","date_gmt":"2025-08-23T01:38:07","guid":{"rendered":"https:\/\/www.europesays.com\/pt\/41046\/"},"modified":"2025-08-23T01:38:07","modified_gmt":"2025-08-23T01:38:07","slug":"ingleses-revelam-origem-do-descontentamento-de-nes-no-nottingham","status":"publish","type":"post","link":"https:\/\/www.europesays.com\/pt\/41046\/","title":{"rendered":"Ingleses revelam origem do descontentamento de NES no Nottingham"},"content":{"rendered":"<p>Esta sexta-feira apanhou os adeptos do Nottingham Forest de surpresa &#8211; o jornalista Mateo Moretto avan\u00e7ou que a rela\u00e7\u00e3o entre Nuno Esp\u00edrito Santo e a dire\u00e7\u00e3o do Nottingham Forest deteriorou-se, apesar da grande campanha na \u00faltima temporada, e o t\u00e9cnico confirmou esse relato.<\/p>\n<p>\u00abA rela\u00e7\u00e3o com Marinakis [dono do clube] n\u00e3o \u00e9 mesma\u00bb, <strong><a href=\"https:\/\/maisfutebol.iol.pt\/made-in\/nuno-espirito-santo\/nes-a-relacao-com-marinakis-mudou-ja-nao-somos-tao-proximos\" rel=\"nofollow noopener\" target=\"_blank\">admitiu o t\u00e9cnico portugu\u00eas<\/a><\/strong>, que disse ainda que esta n\u00e3o \u00e9 uma \u00abboa situa\u00e7\u00e3o\u00bb. Segundo a imprensa inglesa, o principal fator de distanciamento \u00e9&#8230; Ed\u00fa, novo diretor desportivo do clube.<\/p>\n<p>O brasileiro, que tamb\u00e9m teve uma bem-sucedida carreira de futebolista, assumiu fun\u00e7\u00f5es vindo do Arsenal em junho. O relacionamento entre ele o Nuno Esp\u00edrito Santo \u00abcome\u00e7ou mal e tem vindo a piorar\u00bb, segundo o The Athletic.<\/p>\n<p>De acordo com o mesmo jornal, os dois homens n\u00e3o se falam e a rela\u00e7\u00e3o \u00e9 praticamente irrepar\u00e1vel. Ed\u00fa tem a cargo o dossi\u00ea das transfer\u00eancias e NES j\u00e1 <strong><a href=\"https:\/\/maisfutebol.iol.pt\/inglaterra\/nottingham-forest\/nes-descontente-estamos-muito-muito-muito-longes-daquilo-que-deveriamos-estar\" rel=\"nofollow noopener\" target=\"_blank\">criticou publicamente a abordagem do clube ao mercado.<\/a><\/strong><\/p>\n<p>O jornalista brit\u00e2nico Ben Jacobs acrescenta que, neste aspeto, Nuno n\u00e3o gostou do facto de Edu ter chumbado a transfer\u00eancia de Adama Traor\u00e9, extremo do Fulham que NES bem conhece dos tempos do Wolverhampton.<\/p>\n<p>Por outro lado, Marinakis n\u00e3o ter\u00e1 gostado da confer\u00eancia de imprensa do treinador do Nottingham Forest e realizou uma reuni\u00e3o para discutir o futuro de Esp\u00edrito Santo&#8230; que tornou-se incerto.<\/p>\n","protected":false},"excerpt":{"rendered":"Esta sexta-feira apanhou os adeptos do Nottingham Forest de surpresa &#8211; o jornalista Mateo Moretto avan\u00e7ou que a&hellip;\n","protected":false},"author":2,"featured_media":41047,"comment_status":"","ping_status":"","sticky":false,"template":"","format":"standard","meta":{"footnotes":""},"categories":[87],"tags":[135,12484,82,436,46,12486,1527,12179,32,12485,33,47,134],"class_list":{"0":"post-41046","1":"post","2":"type-post","3":"status-publish","4":"format-standard","5":"has-post-thumbnail","7":"category-desporto","8":"tag-desporto","9":"tag-edu","10":"tag-internacional","11":"tag-made-in","12":"tag-maisfutebol","13":"tag-marinakis","14":"tag-nottingham-forest","15":"tag-nuno-espirito-santo","16":"tag-portugal","17":"tag-premier","18":"tag-pt","19":"tag-pura-paixao","20":"tag-sports"},"share_on_mastodon":{"url":"","error":""},"_links":{"self":[{"href":"https:\/\/www.europesays.com\/pt\/wp-json\/wp\/v2\/posts\/41046","targetHints":{"allow":["GET"]}}],"collection":[{"href":"https:\/\/www.europesays.com\/pt\/wp-json\/wp\/v2\/posts"}],"about":[{"href":"https:\/\/www.europesays.com\/pt\/wp-json\/wp\/v2\/types\/post"}],"author":[{"embeddable":true,"href":"https:\/\/www.europesays.com\/pt\/wp-json\/wp\/v2\/users\/2"}],"replies":[{"embeddable":true,"href":"https:\/\/www.europesays.com\/pt\/wp-json\/wp\/v2\/comments?post=41046"}],"version-history":[{"count":0,"href":"https:\/\/www.europesays.com\/pt\/wp-json\/wp\/v2\/posts\/41046\/revisions"}],"wp:featuredmedia":[{"embeddable":true,"href":"https:\/\/www.europesays.com\/pt\/wp-json\/wp\/v2\/media\/41047"}],"wp:attachment":[{"href":"https:\/\/www.europesays.com\/pt\/wp-json\/wp\/v2\/media?parent=41046"}],"wp:term":[{"taxonomy":"category","embeddable":true,"href":"https:\/\/www.europesays.com\/pt\/wp-json\/wp\/v2\/categories?post=41046"},{"taxonomy":"post_tag","embeddable":true,"href":"https:\/\/www.europesays.com\/pt\/wp-json\/wp\/v2\/tags?post=41046"}],"curies":[{"name":"wp","href":"https:\/\/api.w.org\/{rel}","templated":true}]}}