{"id":410462,"date":"2026-06-08T11:17:10","date_gmt":"2026-06-08T11:17:10","guid":{"rendered":"https:\/\/www.europesays.com\/pt\/410462\/"},"modified":"2026-06-08T11:17:10","modified_gmt":"2026-06-08T11:17:10","slug":"andre-silva-regressa-ao-porto-para-fazer-exames-medicos-e-assinar","status":"publish","type":"post","link":"https:\/\/www.europesays.com\/pt\/410462\/","title":{"rendered":"Andr\u00e9 Silva regressa ao Porto para fazer exames m\u00e9dicos e assinar"},"content":{"rendered":"<p>Andr\u00e9 Silva est\u00e1 de regresso a Portugal e esta segunda-feira ir\u00e1 realizar exames m\u00e9dicos para assinar contrato pelo FC Porto.<\/p>\n<p>Depois de nos \u00faltimos dias ter estado de f\u00e9rias no Jap\u00e3o, com a fam\u00edlia, o avan\u00e7ado est\u00e1 de volta \u00e0 Invicta e agora poder\u00e1 finalmente passar para o papel o acordo que lhe permite regressar ao Drag\u00e3o, nove anos depois \u2013 ap\u00f3s ter sa\u00eddo para o Milan, em 2017\/18, a troco de 38 milh\u00f5es de euros.<\/p>\n<p>O acordo est\u00e1 alinhavado e Andr\u00e9 Silva, que est\u00e1 em fim de contrato com o Elche, dever\u00e1 assinar um contrato por duas temporadas com os campe\u00f5es nacionais.<\/p>\n<p>O ponta de lan\u00e7a ser\u00e1 uma das alternativas a Samu, que est\u00e1 lesionado e s\u00f3 dever\u00e1 regressar \u00e0 competi\u00e7\u00e3o em outubro.<\/p>\n<p>No entanto, h\u00e1 uma forte possibilidade de o FC Porto contratar outro ponta de lan\u00e7a neste defeso, sobretudo se Deniz G\u00fcl sair.<\/p>\n<p>Recorde-se que os drag\u00f5es n\u00e3o acionaram a cl\u00e1usula de compra de oito milh\u00f5es de euros por Terem Moffi, que estava emprestado pelo Nice, tendo tamb\u00e9m sido oficializada a sa\u00edda de Luuk de Jong, que ainda recupera de uma grave les\u00e3o no joelho.<\/p>\n<p>Andr\u00e9 Silva fez 10 golos em 31 jornadas na Liga Espanhola ao servi\u00e7o do Elche, em 2025\/26, e \u00e9 visto como um jogador da casa e uma alternativa para o eixo do ataque, num setor em reformula\u00e7\u00e3o. Al\u00e9m de Milan e Elche, desde que saiu do Drag\u00e3o o avan\u00e7ado representou tamb\u00e9m Sevilha, Eintracht Frankfurt, Leipzig e Werder Bremen.\u00a0<\/p>\n<p>Andr\u00e9 Silva fez 19 golos em 53 internacionaliza\u00e7\u00f5es pela Sele\u00e7\u00e3o A, mas perdeu espa\u00e7o com Roberto Mart\u00ednez e n\u00e3o faz parte da lista de convocados para o Mundial 2026.<\/p>\n<p>Recentemente, <a href=\"http:\/\/maisfutebol.iol.pt\/fc-porto\/porto\/sai-do-fc-porto-com-trabalho-por-fazer-a-derrota-no-jamor-ficou-marcada\" rel=\"nofollow noopener\" target=\"_blank\">em entrevista ao Maisfutebol, o avan\u00e7ado natural de Baguim do Monte (Gondomar) revelou a sua vontade de regressar ao FC Porto<\/a>.<\/p>\n","protected":false},"excerpt":{"rendered":"Andr\u00e9 Silva est\u00e1 de regresso a Portugal e esta segunda-feira ir\u00e1 realizar exames m\u00e9dicos para assinar contrato pelo&hellip;\n","protected":false},"author":2,"featured_media":410463,"comment_status":"","ping_status":"","sticky":false,"template":"","format":"standard","meta":{"footnotes":"","_share_on_mastodon":"0"},"categories":[87],"tags":[4956,135,10760,282,46,42,32,33,47,134,35],"class_list":["post-410462","post","type-post","status-publish","format-standard","has-post-thumbnail","category-desporto","tag-andre-silva","tag-desporto","tag-elche","tag-fc-porto","tag-maisfutebol","tag-mercado","tag-portugal","tag-pt","tag-pura-paixao","tag-sports","tag-transferencias"],"share_on_mastodon":{"url":"https:\/\/pubeurope.com\/@pt\/116714212504972394","error":""},"_links":{"self":[{"href":"https:\/\/www.europesays.com\/pt\/wp-json\/wp\/v2\/posts\/410462","targetHints":{"allow":["GET"]}}],"collection":[{"href":"https:\/\/www.europesays.com\/pt\/wp-json\/wp\/v2\/posts"}],"about":[{"href":"https:\/\/www.europesays.com\/pt\/wp-json\/wp\/v2\/types\/post"}],"author":[{"embeddable":true,"href":"https:\/\/www.europesays.com\/pt\/wp-json\/wp\/v2\/users\/2"}],"replies":[{"embeddable":true,"href":"https:\/\/www.europesays.com\/pt\/wp-json\/wp\/v2\/comments?post=410462"}],"version-history":[{"count":0,"href":"https:\/\/www.europesays.com\/pt\/wp-json\/wp\/v2\/posts\/410462\/revisions"}],"wp:featuredmedia":[{"embeddable":true,"href":"https:\/\/www.europesays.com\/pt\/wp-json\/wp\/v2\/media\/410463"}],"wp:attachment":[{"href":"https:\/\/www.europesays.com\/pt\/wp-json\/wp\/v2\/media?parent=410462"}],"wp:term":[{"taxonomy":"category","embeddable":true,"href":"https:\/\/www.europesays.com\/pt\/wp-json\/wp\/v2\/categories?post=410462"},{"taxonomy":"post_tag","embeddable":true,"href":"https:\/\/www.europesays.com\/pt\/wp-json\/wp\/v2\/tags?post=410462"}],"curies":[{"name":"wp","href":"https:\/\/api.w.org\/{rel}","templated":true}]}}