{"id":41048,"date":"2025-08-23T01:39:16","date_gmt":"2025-08-23T01:39:16","guid":{"rendered":"https:\/\/www.europesays.com\/pt\/41048\/"},"modified":"2025-08-23T01:39:16","modified_gmt":"2025-08-23T01:39:16","slug":"caucaia-realiza-dia-d-de-multivacinacao-no-proximo-sabado-23-de-agosto","status":"publish","type":"post","link":"https:\/\/www.europesays.com\/pt\/41048\/","title":{"rendered":"Caucaia realiza Dia D de Multivacina\u00e7\u00e3o no pr\u00f3ximo s\u00e1bado, 23 de agosto"},"content":{"rendered":"<p>&#13;<br \/>\n                                                A Prefeitura de Caucaia, por meio da Secretaria Municipal de Sa\u00fade, realiza neste s\u00e1bado, 23 de agosto, o Dia D de Multivacina\u00e7\u00e3o. A a\u00e7\u00e3o faz parte da campanha de vacina\u00e7\u00e3o e tem como objetivo atualizar a caderneta de vacina\u00e7\u00e3o de crian\u00e7as, adolescentes, adultos e idosos, garantindo a prote\u00e7\u00e3o contra diversas doen\u00e7as preven\u00edveis.Ao todo, 11 Unidades de Aten\u00e7\u00e3o Prim\u00e1ria \u00e0 Sa\u00fade (UAPS) estar\u00e3o abertas das 8h \u00e0s 16h, distribu\u00eddas em todos os seis distritos sanit\u00e1rios do munic\u00edpio, facilitando o acesso da popula\u00e7\u00e3o \u00e0 imuniza\u00e7\u00e3o.Confira as unidades participantes:DISTRITO 1UAPS Maria Firmino Mendes \u0096 Dona CotinhaUAPS Ana Clara Castro de Moreira \u0096 Parque Soledade 2DISTRITO 2UAPS Valden\u00fazia Moreira Bastos \u0096 PachecoDISTRITO 3UAPS Luiz Costa Oliveira \u0096 CapuanDISTRITO 4UAPS Maria de Jesus Ferreira \u0096 Picu\u00edUAPS Rocilda Oliveira Pontes \u0096 Metr\u00f3poleUAPS S\u00e9rgio Rodrigues Teixeira \u0096 Nova Metr\u00f3poleDISTRITO 5UAPS Ant\u00f4nio Jander \u0096 AraturiUAPS Francisco Paulo Pontes \u0096 Marechal RondonDISTRITO 6UAPS Francisco Djalma Soares \u0096 TabapuazinhoUAPS Gilseda Magalh\u00e3es Bezerra \u0096 Potira 2A Secretaria Municipal de Sa\u00fade refor\u00e7a a import\u00e2ncia de manter a vacina\u00e7\u00e3o em dia como medida essencial de preven\u00e7\u00e3o e cuidado com a sa\u00fade individual e coletiva. A recomenda\u00e7\u00e3o \u00e9 que cada pessoa leve documento com foto e cart\u00e3o de vacina\u00e7\u00e3o                                            <\/p>\n<p class=\"p1\" style=\"margin: 0px; font-width: normal; font-size: 17px; line-height: normal; font-size-adjust: none; font-kerning: auto; font-variant-alternates: normal; font-variant-ligatures: normal; font-variant-numeric: normal; font-variant-east-asian: normal; font-variant-position: normal; font-feature-settings: normal; font-optical-sizing: auto; font-variation-settings: normal; caret-color: rgb(0, 0, 0); color: rgb(0, 0, 0); -webkit-tap-highlight-color: rgba(26, 26, 26, 0.3); -webkit-text-size-adjust: auto;\">A Prefeitura de Caucaia, por meio da Secretaria Municipal de Sa\u00fade, realiza neste s\u00e1bado, 23 de agosto, o Dia D de Multivacina\u00e7\u00e3o. A a\u00e7\u00e3o faz parte da campanha de vacina\u00e7\u00e3o e tem como objetivo atualizar a caderneta de vacina\u00e7\u00e3o de crian\u00e7as, adolescentes, adultos e idosos, garantindo a prote\u00e7\u00e3o contra diversas doen\u00e7as preven\u00edveis.<\/p>\n<p class=\"p1\" style=\"margin: 0px; font-width: normal; font-size: 17px; line-height: normal; font-size-adjust: none; font-kerning: auto; font-variant-alternates: normal; font-variant-ligatures: normal; font-variant-numeric: normal; font-variant-east-asian: normal; font-variant-position: normal; font-feature-settings: normal; font-optical-sizing: auto; font-variation-settings: normal; caret-color: rgb(0, 0, 0); color: rgb(0, 0, 0); -webkit-tap-highlight-color: rgba(26, 26, 26, 0.3); -webkit-text-size-adjust: auto;\">Ao todo, 11 Unidades de Aten\u00e7\u00e3o Prim\u00e1ria \u00e0 Sa\u00fade (UAPS) estar\u00e3o abertas das 8h \u00e0s 16h, distribu\u00eddas em todos os seis distritos sanit\u00e1rios do munic\u00edpio, facilitando o acesso da popula\u00e7\u00e3o \u00e0 imuniza\u00e7\u00e3o.<\/p>\n<p class=\"p1\" style=\"margin: 0px; font-width: normal; font-size: 17px; line-height: normal; font-size-adjust: none; font-kerning: auto; font-variant-alternates: normal; font-variant-ligatures: normal; font-variant-numeric: normal; font-variant-east-asian: normal; font-variant-position: normal; font-feature-settings: normal; font-optical-sizing: auto; font-variation-settings: normal; caret-color: rgb(0, 0, 0); color: rgb(0, 0, 0); -webkit-tap-highlight-color: rgba(26, 26, 26, 0.3); -webkit-text-size-adjust: auto;\">Confira as unidades participantes:<\/p>\n<p class=\"p1\" style=\"margin: 0px; font-width: normal; font-size: 17px; line-height: normal; font-size-adjust: none; font-kerning: auto; font-variant-alternates: normal; font-variant-ligatures: normal; font-variant-numeric: normal; font-variant-east-asian: normal; font-variant-position: normal; font-feature-settings: normal; font-optical-sizing: auto; font-variation-settings: normal; caret-color: rgb(0, 0, 0); color: rgb(0, 0, 0); -webkit-tap-highlight-color: rgba(26, 26, 26, 0.3); -webkit-text-size-adjust: auto;\"><b>DISTRITO 1<\/b><\/p>\n<p class=\"p1\" style=\"margin: 0px; font-width: normal; font-size: 17px; line-height: normal; font-size-adjust: none; font-kerning: auto; font-variant-alternates: normal; font-variant-ligatures: normal; font-variant-numeric: normal; font-variant-east-asian: normal; font-variant-position: normal; font-feature-settings: normal; font-optical-sizing: auto; font-variation-settings: normal; caret-color: rgb(0, 0, 0); color: rgb(0, 0, 0); -webkit-tap-highlight-color: rgba(26, 26, 26, 0.3); -webkit-text-size-adjust: auto;\">UAPS Maria Firmino Mendes \u0096 Dona Cotinha<\/p>\n<p class=\"p1\" style=\"margin: 0px; font-width: normal; font-size: 17px; line-height: normal; font-size-adjust: none; font-kerning: auto; font-variant-alternates: normal; font-variant-ligatures: normal; font-variant-numeric: normal; font-variant-east-asian: normal; font-variant-position: normal; font-feature-settings: normal; font-optical-sizing: auto; font-variation-settings: normal; caret-color: rgb(0, 0, 0); color: rgb(0, 0, 0); -webkit-tap-highlight-color: rgba(26, 26, 26, 0.3); -webkit-text-size-adjust: auto;\">UAPS Ana Clara Castro de Moreira \u0096 Parque Soledade 2<\/p>\n<p class=\"p1\" style=\"margin: 0px; font-width: normal; font-size: 17px; line-height: normal; font-size-adjust: none; font-kerning: auto; font-variant-alternates: normal; font-variant-ligatures: normal; font-variant-numeric: normal; font-variant-east-asian: normal; font-variant-position: normal; font-feature-settings: normal; font-optical-sizing: auto; font-variation-settings: normal; caret-color: rgb(0, 0, 0); color: rgb(0, 0, 0); -webkit-tap-highlight-color: rgba(26, 26, 26, 0.3); -webkit-text-size-adjust: auto;\"><b>DISTRITO 2<\/b><\/p>\n<p class=\"p1\" style=\"margin: 0px; font-width: normal; font-size: 17px; line-height: normal; font-size-adjust: none; font-kerning: auto; font-variant-alternates: normal; font-variant-ligatures: normal; font-variant-numeric: normal; font-variant-east-asian: normal; font-variant-position: normal; font-feature-settings: normal; font-optical-sizing: auto; font-variation-settings: normal; caret-color: rgb(0, 0, 0); color: rgb(0, 0, 0); -webkit-tap-highlight-color: rgba(26, 26, 26, 0.3); -webkit-text-size-adjust: auto;\">UAPS Valden\u00fazia Moreira Bastos \u0096 Pacheco<\/p>\n<p class=\"p1\" style=\"margin: 0px; font-width: normal; font-size: 17px; line-height: normal; font-size-adjust: none; font-kerning: auto; font-variant-alternates: normal; font-variant-ligatures: normal; font-variant-numeric: normal; font-variant-east-asian: normal; font-variant-position: normal; font-feature-settings: normal; font-optical-sizing: auto; font-variation-settings: normal; caret-color: rgb(0, 0, 0); color: rgb(0, 0, 0); -webkit-tap-highlight-color: rgba(26, 26, 26, 0.3); -webkit-text-size-adjust: auto;\"><b>DISTRITO 3<\/b><\/p>\n<p class=\"p1\" style=\"margin: 0px; font-width: normal; font-size: 17px; line-height: normal; font-size-adjust: none; font-kerning: auto; font-variant-alternates: normal; font-variant-ligatures: normal; font-variant-numeric: normal; font-variant-east-asian: normal; font-variant-position: normal; font-feature-settings: normal; font-optical-sizing: auto; font-variation-settings: normal; caret-color: rgb(0, 0, 0); color: rgb(0, 0, 0); -webkit-tap-highlight-color: rgba(26, 26, 26, 0.3); -webkit-text-size-adjust: auto;\">UAPS Luiz Costa Oliveira \u0096 Capuan<\/p>\n<p class=\"p1\" style=\"margin: 0px; font-width: normal; font-size: 17px; line-height: normal; font-size-adjust: none; font-kerning: auto; font-variant-alternates: normal; font-variant-ligatures: normal; font-variant-numeric: normal; font-variant-east-asian: normal; font-variant-position: normal; font-feature-settings: normal; font-optical-sizing: auto; font-variation-settings: normal; caret-color: rgb(0, 0, 0); color: rgb(0, 0, 0); -webkit-tap-highlight-color: rgba(26, 26, 26, 0.3); -webkit-text-size-adjust: auto;\"><b>DISTRITO 4<\/b><\/p>\n<p class=\"p1\" style=\"margin: 0px; font-width: normal; font-size: 17px; line-height: normal; font-size-adjust: none; font-kerning: auto; font-variant-alternates: normal; font-variant-ligatures: normal; font-variant-numeric: normal; font-variant-east-asian: normal; font-variant-position: normal; font-feature-settings: normal; font-optical-sizing: auto; font-variation-settings: normal; caret-color: rgb(0, 0, 0); color: rgb(0, 0, 0); -webkit-tap-highlight-color: rgba(26, 26, 26, 0.3); -webkit-text-size-adjust: auto;\">UAPS Maria de Jesus Ferreira \u0096 Picu\u00ed<\/p>\n<p class=\"p1\" style=\"margin: 0px; font-width: normal; font-size: 17px; line-height: normal; font-size-adjust: none; font-kerning: auto; font-variant-alternates: normal; font-variant-ligatures: normal; font-variant-numeric: normal; font-variant-east-asian: normal; font-variant-position: normal; font-feature-settings: normal; font-optical-sizing: auto; font-variation-settings: normal; caret-color: rgb(0, 0, 0); color: rgb(0, 0, 0); -webkit-tap-highlight-color: rgba(26, 26, 26, 0.3); -webkit-text-size-adjust: auto;\">UAPS Rocilda Oliveira Pontes \u0096 Metr\u00f3pole<\/p>\n<p class=\"p1\" style=\"margin: 0px; font-width: normal; font-size: 17px; line-height: normal; font-size-adjust: none; font-kerning: auto; font-variant-alternates: normal; font-variant-ligatures: normal; font-variant-numeric: normal; font-variant-east-asian: normal; font-variant-position: normal; font-feature-settings: normal; font-optical-sizing: auto; font-variation-settings: normal; caret-color: rgb(0, 0, 0); color: rgb(0, 0, 0); -webkit-tap-highlight-color: rgba(26, 26, 26, 0.3); -webkit-text-size-adjust: auto;\">UAPS S\u00e9rgio Rodrigues Teixeira \u0096 Nova Metr\u00f3pole<\/p>\n<p class=\"p1\" style=\"margin: 0px; font-width: normal; font-size: 17px; line-height: normal; font-size-adjust: none; font-kerning: auto; font-variant-alternates: normal; font-variant-ligatures: normal; font-variant-numeric: normal; font-variant-east-asian: normal; font-variant-position: normal; font-feature-settings: normal; font-optical-sizing: auto; font-variation-settings: normal; caret-color: rgb(0, 0, 0); color: rgb(0, 0, 0); -webkit-tap-highlight-color: rgba(26, 26, 26, 0.3); -webkit-text-size-adjust: auto;\"><b>DISTRITO 5<\/b><\/p>\n<p class=\"p1\" style=\"margin: 0px; font-width: normal; font-size: 17px; line-height: normal; font-size-adjust: none; font-kerning: auto; font-variant-alternates: normal; font-variant-ligatures: normal; font-variant-numeric: normal; font-variant-east-asian: normal; font-variant-position: normal; font-feature-settings: normal; font-optical-sizing: auto; font-variation-settings: normal; caret-color: rgb(0, 0, 0); color: rgb(0, 0, 0); -webkit-tap-highlight-color: rgba(26, 26, 26, 0.3); -webkit-text-size-adjust: auto;\">UAPS Ant\u00f4nio Jander \u0096 Araturi<\/p>\n<p class=\"p1\" style=\"margin: 0px; font-width: normal; font-size: 17px; line-height: normal; font-size-adjust: none; font-kerning: auto; font-variant-alternates: normal; font-variant-ligatures: normal; font-variant-numeric: normal; font-variant-east-asian: normal; font-variant-position: normal; font-feature-settings: normal; font-optical-sizing: auto; font-variation-settings: normal; caret-color: rgb(0, 0, 0); color: rgb(0, 0, 0); -webkit-tap-highlight-color: rgba(26, 26, 26, 0.3); -webkit-text-size-adjust: auto;\">UAPS Francisco Paulo Pontes \u0096 Marechal Rondon<\/p>\n<p class=\"p1\" style=\"margin: 0px; font-width: normal; font-size: 17px; line-height: normal; font-size-adjust: none; font-kerning: auto; font-variant-alternates: normal; font-variant-ligatures: normal; font-variant-numeric: normal; font-variant-east-asian: normal; font-variant-position: normal; font-feature-settings: normal; font-optical-sizing: auto; font-variation-settings: normal; caret-color: rgb(0, 0, 0); color: rgb(0, 0, 0); -webkit-tap-highlight-color: rgba(26, 26, 26, 0.3); -webkit-text-size-adjust: auto;\"><b>DISTRITO 6<\/b><\/p>\n<p class=\"p1\" style=\"margin: 0px; font-width: normal; font-size: 17px; line-height: normal; font-size-adjust: none; font-kerning: auto; font-variant-alternates: normal; font-variant-ligatures: normal; font-variant-numeric: normal; font-variant-east-asian: normal; font-variant-position: normal; font-feature-settings: normal; font-optical-sizing: auto; font-variation-settings: normal; caret-color: rgb(0, 0, 0); color: rgb(0, 0, 0); -webkit-tap-highlight-color: rgba(26, 26, 26, 0.3); -webkit-text-size-adjust: auto;\">UAPS Francisco Djalma Soares \u0096 Tabapuazinho<\/p>\n<p class=\"p1\" style=\"margin: 0px; font-width: normal; font-size: 17px; line-height: normal; font-size-adjust: none; font-kerning: auto; font-variant-alternates: normal; font-variant-ligatures: normal; font-variant-numeric: normal; font-variant-east-asian: normal; font-variant-position: normal; font-feature-settings: normal; font-optical-sizing: auto; font-variation-settings: normal; caret-color: rgb(0, 0, 0); color: rgb(0, 0, 0); -webkit-tap-highlight-color: rgba(26, 26, 26, 0.3); -webkit-text-size-adjust: auto;\">UAPS Gilseda Magalh\u00e3es Bezerra \u0096 Potira 2<\/p>\n<p class=\"p1\" style=\"margin: 0px; font-width: normal; font-size: 17px; line-height: normal; font-size-adjust: none; font-kerning: auto; font-variant-alternates: normal; font-variant-ligatures: normal; font-variant-numeric: normal; font-variant-east-asian: normal; font-variant-position: normal; font-feature-settings: normal; font-optical-sizing: auto; font-variation-settings: normal; caret-color: rgb(0, 0, 0); color: rgb(0, 0, 0); -webkit-tap-highlight-color: rgba(26, 26, 26, 0.3); -webkit-text-size-adjust: auto;\">A Secretaria Municipal de Sa\u00fade refor\u00e7a a import\u00e2ncia de manter a vacina\u00e7\u00e3o em dia como medida essencial de preven\u00e7\u00e3o e cuidado com a sa\u00fade individual e coletiva. A recomenda\u00e7\u00e3o \u00e9 que cada pessoa leve documento com foto e cart\u00e3o de vacina\u00e7\u00e3o<\/p>\n","protected":false},"excerpt":{"rendered":"&#13; A Prefeitura de Caucaia, por meio da Secretaria Municipal de Sa\u00fade, realiza neste s\u00e1bado, 23 de agosto,&hellip;\n","protected":false},"author":2,"featured_media":41049,"comment_status":"","ping_status":"","sticky":false,"template":"","format":"standard","meta":{"footnotes":""},"categories":[86],"tags":[116,32,33,117],"class_list":{"0":"post-41048","1":"post","2":"type-post","3":"status-publish","4":"format-standard","5":"has-post-thumbnail","7":"category-saude","8":"tag-health","9":"tag-portugal","10":"tag-pt","11":"tag-saude"},"share_on_mastodon":{"url":"","error":""},"_links":{"self":[{"href":"https:\/\/www.europesays.com\/pt\/wp-json\/wp\/v2\/posts\/41048","targetHints":{"allow":["GET"]}}],"collection":[{"href":"https:\/\/www.europesays.com\/pt\/wp-json\/wp\/v2\/posts"}],"about":[{"href":"https:\/\/www.europesays.com\/pt\/wp-json\/wp\/v2\/types\/post"}],"author":[{"embeddable":true,"href":"https:\/\/www.europesays.com\/pt\/wp-json\/wp\/v2\/users\/2"}],"replies":[{"embeddable":true,"href":"https:\/\/www.europesays.com\/pt\/wp-json\/wp\/v2\/comments?post=41048"}],"version-history":[{"count":0,"href":"https:\/\/www.europesays.com\/pt\/wp-json\/wp\/v2\/posts\/41048\/revisions"}],"wp:featuredmedia":[{"embeddable":true,"href":"https:\/\/www.europesays.com\/pt\/wp-json\/wp\/v2\/media\/41049"}],"wp:attachment":[{"href":"https:\/\/www.europesays.com\/pt\/wp-json\/wp\/v2\/media?parent=41048"}],"wp:term":[{"taxonomy":"category","embeddable":true,"href":"https:\/\/www.europesays.com\/pt\/wp-json\/wp\/v2\/categories?post=41048"},{"taxonomy":"post_tag","embeddable":true,"href":"https:\/\/www.europesays.com\/pt\/wp-json\/wp\/v2\/tags?post=41048"}],"curies":[{"name":"wp","href":"https:\/\/api.w.org\/{rel}","templated":true}]}}