{"id":41050,"date":"2025-08-23T01:46:07","date_gmt":"2025-08-23T01:46:07","guid":{"rendered":"https:\/\/www.europesays.com\/pt\/41050\/"},"modified":"2025-08-23T01:46:07","modified_gmt":"2025-08-23T01:46:07","slug":"wanessa-camargo-teria-sido-agredida-por-dado-dolabella-em-bar-no-rio-de-janeiro","status":"publish","type":"post","link":"https:\/\/www.europesays.com\/pt\/41050\/","title":{"rendered":"Wanessa Camargo teria sido agredida por Dado Dolabella em bar no Rio de Janeiro"},"content":{"rendered":"<p><strong>Wanessa Camargo<\/strong>, 42 anos, teria sido agredida por <strong>Dado Dolabella<\/strong>, 45, em um confus\u00e3o durante evento com elenco do \u201cDan\u00e7a dos Famosos\u201d, quadro do \u201cDomig\u00e3o com Huck\u201d (TV Globo) do qual ela est\u00e1 fazendo parte.\u00a0<\/p>\n<p>A confraterniza\u00e7\u00e3o teria ocorrido no Bar do Vidal, localizado na Barra da Tijuca, \u00e1rea nobre da zona oeste do Rio de Janeiro, na \u00faltima quinta-feira, 21. As informa\u00e7\u00f5es s\u00e3o da coluna F\u00e1bia Oliveira, do portal Metr\u00f3poles, em publica\u00e7\u00e3o nesta sexta-feira, 22.<\/p>\n<p><a href=\"https:\/\/istoe.com.br\/rodrigo-santoro-faz-50-anos-relembre-papeis-importantes-da-historia-do-artista\" target=\"_blank\" rel=\"noopener nofollow\"><strong>+Rodrigo Santoro faz 50 anos: relembre pap\u00e9is importantes da hist\u00f3ria do artista<\/strong><\/a><br \/><a href=\"https:\/\/istoe.com.br\/fungo-durante-a-gravidez-especialista-analisa-diagnostico-de-maira-cardi\" target=\"_blank\" rel=\"noopener nofollow\"><strong>+Fungo durante a gravidez: especialista analisa diagn\u00f3stico de Ma\u00edra Cardi<\/strong><\/a><\/p>\n<p>De acordo com a colunista, a confus\u00e3o teria ocorrido ap\u00f3s o cantor Luan Pereira segurar Wanessa pela cintura ao mostrar, em determinado momento da celebra\u00e7\u00e3o, um passo de dan\u00e7a.<\/p>\n<p>A namorada do artista tamb\u00e9m estaria presente e confirmado n\u00e3o haver flerte do cantor com a filha de Zez\u00e9 Di Camargo. Por\u00e9m, Dado Dolabella, ex-namorado de Wanessa, teria reagido motivado por ci\u00fames, empurrando Luan Pereira, que acabou caindo no ch\u00e3o.<\/p>\n<p>Em seguida, Dolabella teria se voltado a Wanessa, empurrando-a tamb\u00e9m. Ele acabou sendo retirado do local.<\/p>\n<p>Ainda segundo informa\u00e7\u00f5es da colunista, Dado teria tentado seguir Wanessa at\u00e9 o hotel Hilton, onde est\u00e1 hospedada e para onde ela se dirigiu ap\u00f3s o ocorrido, acompanhada pelo colega de programa Alan de Souza. O ator, por\u00e9m, n\u00e3o teve resposta da cantora, que teria orientado sua equipe a acionar a pol\u00edcia contra o ator.<\/p>\n<p>\u00a0<\/p>\n","protected":false},"excerpt":{"rendered":"Wanessa Camargo, 42 anos, teria sido agredida por Dado Dolabella, 45, em um confus\u00e3o durante evento com elenco&hellip;\n","protected":false},"author":2,"featured_media":41051,"comment_status":"","ping_status":"","sticky":false,"template":"","format":"standard","meta":{"footnotes":""},"categories":[145],"tags":[211,210,114,115,32,33],"class_list":{"0":"post-41050","1":"post","2":"type-post","3":"status-publish","4":"format-standard","5":"has-post-thumbnail","7":"category-celebridades","8":"tag-celebridades","9":"tag-celebrities","10":"tag-entertainment","11":"tag-entretenimento","12":"tag-portugal","13":"tag-pt"},"share_on_mastodon":{"url":"","error":""},"_links":{"self":[{"href":"https:\/\/www.europesays.com\/pt\/wp-json\/wp\/v2\/posts\/41050","targetHints":{"allow":["GET"]}}],"collection":[{"href":"https:\/\/www.europesays.com\/pt\/wp-json\/wp\/v2\/posts"}],"about":[{"href":"https:\/\/www.europesays.com\/pt\/wp-json\/wp\/v2\/types\/post"}],"author":[{"embeddable":true,"href":"https:\/\/www.europesays.com\/pt\/wp-json\/wp\/v2\/users\/2"}],"replies":[{"embeddable":true,"href":"https:\/\/www.europesays.com\/pt\/wp-json\/wp\/v2\/comments?post=41050"}],"version-history":[{"count":0,"href":"https:\/\/www.europesays.com\/pt\/wp-json\/wp\/v2\/posts\/41050\/revisions"}],"wp:featuredmedia":[{"embeddable":true,"href":"https:\/\/www.europesays.com\/pt\/wp-json\/wp\/v2\/media\/41051"}],"wp:attachment":[{"href":"https:\/\/www.europesays.com\/pt\/wp-json\/wp\/v2\/media?parent=41050"}],"wp:term":[{"taxonomy":"category","embeddable":true,"href":"https:\/\/www.europesays.com\/pt\/wp-json\/wp\/v2\/categories?post=41050"},{"taxonomy":"post_tag","embeddable":true,"href":"https:\/\/www.europesays.com\/pt\/wp-json\/wp\/v2\/tags?post=41050"}],"curies":[{"name":"wp","href":"https:\/\/api.w.org\/{rel}","templated":true}]}}