{"id":41056,"date":"2025-08-23T01:52:09","date_gmt":"2025-08-23T01:52:09","guid":{"rendered":"https:\/\/www.europesays.com\/pt\/41056\/"},"modified":"2025-08-23T01:52:09","modified_gmt":"2025-08-23T01:52:09","slug":"acusado-mais-uma-vez-de-trair-noiva-e-mae-das-filhas-david-luiz-ex-jogador-do-benfica-ja-se-pronunciou","status":"publish","type":"post","link":"https:\/\/www.europesays.com\/pt\/41056\/","title":{"rendered":"Acusado (mais uma vez) de trair noiva e m\u00e3e das filhas! David Luiz, ex-jogador do Benfica, j\u00e1 se pronunciou"},"content":{"rendered":"<p>A suposta amante mostrou alegadas mensagens entre os dois. <\/p>\n<p>Partilhar<\/p>\n<p><img decoding=\"async\" src=\"https:\/\/www.europesays.com\/pt\/wp-content\/uploads\/2025\/08\/1755913929_256_original.webp\" alt=\"David Luiz\"\/><\/p>\n<p>David Luiz<\/p>\n<p>Vasilis Sykas\/MenReporterMedia\/DeFodi Images via Getty Images<\/p>\n<p><strong>David Luiz <\/strong>est\u00e1 agora no centro da pol\u00e9mica depois de ter sido acusado, <a href=\"https:\/\/famashow.pt\/famosos\/2023-04-24-david-luiz-acusado-de-trair-esposa.-tudo-comecou-por-causa-de-um-bilhete-para-assistir-a-jogo-de-futebol\" target=\"_blank\" rel=\"noopener noreferrer nofollow\">mais uma vez<\/a>, de ter tra\u00eddo a noiva, <strong>Bruna Loureiro<\/strong>, com quem tem duas filhas. A suposta amante, <strong>Karol Cavalcante<\/strong>, alegou que tudo come\u00e7ou em julho deste ano. O ex-jogador do Benfica, de 38 anos, j\u00e1 se pronunciou (j\u00e1 l\u00e1 iremos).<\/p>\n<p>O alegado caso extraconjugal foi divulgado esta sexta-feira, 22 de agosto, pelo portal LeoDias, que falou com Karol. &#8220;Come\u00e7\u00e1mos a conversar e, com o passar dos dias, a troca de mensagens foi ficando cada vez mais constante&#8221;, afirmou, referido que o jogador come\u00e7ou a segui-la no Instagram.<\/p>\n<p>Karol explicou que <strong>viajou para Fortaleza, onde David Luiz vivia na <\/strong><strong>altura<\/strong><strong>, para se encontrarem<\/strong>. &#8220;Ap\u00f3s o encontro, continu\u00e1mos a falar pelo Instagram, mas em modo tempor\u00e1rio\u201d, frisou. A suposta amante disse que o atleta chegou mesmo a fazer uma proposta inusitada. \u201cEle <strong>chegou a sugerir fazer um trisal com a minha amiga<\/strong>, mas eu n\u00e3o me quis envolver nisso\u201d, contou.<\/p>\n<p>Karol explicou o que a levou a contar a suposta situa\u00e7\u00e3o a amigos pr\u00f3ximos: \u201c<strong>Comecei a perceber que ele tinha atitudes meio agressivas comigo e isso deixou-me insegura e preocupada<\/strong>. Ele dava sempre a entender que podia fazer algo comigo\u201d, acrescentou. O portal LeoDias teve acesso a algumas das alegadas trocas de mensagens, que a mulher guardou atrav\u00e9s de captura de ecr\u00e3.<\/p>\n<p>No mesmo dia da reportagem, a\u00a0ALOB Sports, empresa que gere a imagem de David Luiz, emitiu uma nota oficial em resposta \u00e0s acusa\u00e7\u00f5es publicadas pelo portal. &#8220;A<strong>ntes de qualquer intera\u00e7\u00e3o, o jogador recebeu em momentos diferentes imagens \u00edntimas da pessoa mencionada com o intuito de despertar a aten\u00e7\u00e3o do atleta. Ap\u00f3s um per\u00edodo e apenas por um breve momento, David interagiu por mensagens, mas jamais houve qualquer encontro presencial entre as partes<\/strong>&#8220;, l\u00ea-se.<\/p>\n<p style=\"text-align: start;\">A empresa tamb\u00e9m informou que est\u00e1 a reunir provas para contestar as alega\u00e7\u00f5es. &#8220;Diante das alega\u00e7\u00f5es divulgadas, <strong>solicit\u00e1mos ao Magna Praia Hotel um documento que comprove a aus\u00eancia do atleta no local, pois ele nunca esteve l\u00e1<\/strong>&#8220;, destacou. &#8220;David Luiz reitera o seu compromisso com a verdade e confia que os factos ser\u00e3o devidamente esclarecidos.&#8221;<\/p>\n","protected":false},"excerpt":{"rendered":"A suposta amante mostrou alegadas mensagens entre os dois. Partilhar David Luiz Vasilis Sykas\/MenReporterMedia\/DeFodi Images via Getty Images&hellip;\n","protected":false},"author":2,"featured_media":41057,"comment_status":"","ping_status":"","sticky":false,"template":"","format":"standard","meta":{"footnotes":""},"categories":[87],"tags":[135,32,33,134],"class_list":{"0":"post-41056","1":"post","2":"type-post","3":"status-publish","4":"format-standard","5":"has-post-thumbnail","7":"category-desporto","8":"tag-desporto","9":"tag-portugal","10":"tag-pt","11":"tag-sports"},"share_on_mastodon":{"url":"","error":""},"_links":{"self":[{"href":"https:\/\/www.europesays.com\/pt\/wp-json\/wp\/v2\/posts\/41056","targetHints":{"allow":["GET"]}}],"collection":[{"href":"https:\/\/www.europesays.com\/pt\/wp-json\/wp\/v2\/posts"}],"about":[{"href":"https:\/\/www.europesays.com\/pt\/wp-json\/wp\/v2\/types\/post"}],"author":[{"embeddable":true,"href":"https:\/\/www.europesays.com\/pt\/wp-json\/wp\/v2\/users\/2"}],"replies":[{"embeddable":true,"href":"https:\/\/www.europesays.com\/pt\/wp-json\/wp\/v2\/comments?post=41056"}],"version-history":[{"count":0,"href":"https:\/\/www.europesays.com\/pt\/wp-json\/wp\/v2\/posts\/41056\/revisions"}],"wp:featuredmedia":[{"embeddable":true,"href":"https:\/\/www.europesays.com\/pt\/wp-json\/wp\/v2\/media\/41057"}],"wp:attachment":[{"href":"https:\/\/www.europesays.com\/pt\/wp-json\/wp\/v2\/media?parent=41056"}],"wp:term":[{"taxonomy":"category","embeddable":true,"href":"https:\/\/www.europesays.com\/pt\/wp-json\/wp\/v2\/categories?post=41056"},{"taxonomy":"post_tag","embeddable":true,"href":"https:\/\/www.europesays.com\/pt\/wp-json\/wp\/v2\/tags?post=41056"}],"curies":[{"name":"wp","href":"https:\/\/api.w.org\/{rel}","templated":true}]}}