{"id":41058,"date":"2025-08-23T01:53:31","date_gmt":"2025-08-23T01:53:31","guid":{"rendered":"https:\/\/www.europesays.com\/pt\/41058\/"},"modified":"2025-08-23T01:53:31","modified_gmt":"2025-08-23T01:53:31","slug":"consulta-publica-sobre-requisitos-para-laboratorios-analiticos-faca-sua-contribuicao-agencia-nacional-de-vigilancia-sanitaria","status":"publish","type":"post","link":"https:\/\/www.europesays.com\/pt\/41058\/","title":{"rendered":"Consulta p\u00fablica sobre requisitos para laborat\u00f3rios anal\u00edticos: fa\u00e7a sua contribui\u00e7\u00e3o \u2014 Ag\u00eancia Nacional de Vigil\u00e2ncia Sanit\u00e1ria"},"content":{"rendered":"<p style=\"text-align: justify; \">A Anvisa quer debater com a sociedade os\u00a0crit\u00e9rios, requisitos e procedimentos para o funcionamento de laborat\u00f3rios anal\u00edticos \u2014 aqueles que realizam testes e an\u00e1lises em produtos e servi\u00e7os sujeitos \u00e0 vigil\u00e2ncia sanit\u00e1ria.<\/p>\n<p style=\"text-align: justify; \">Assim, a partir da pr\u00f3xima sexta-feira (29\/8), estar\u00e1 aberta por 60 dias a <a href=\"https:\/\/anvisalegis.datalegis.net\/action\/ActionDatalegis.php?acao=abrirTextoAto&amp;link=S&amp;tipo=CPB&amp;numeroAto=00001347&amp;seqAto=222&amp;valorAno=2025&amp;orgao=ANVISA\/MS&amp;cod_modulo=630&amp;cod_menu=9373\" rel=\"nofollow noopener\" target=\"_blank\">Consulta P\u00fablica 1.347\/2025<\/a>, que receber\u00e1 coment\u00e1rios e sugest\u00f5es sobre a proposta de norma da Ag\u00eancia. Qualquer pessoa pode participar, incluindo representantes do Sistema Nacional de Vigil\u00e2ncia Sanit\u00e1ria (SNVS), cidad\u00e3os, entidades sociais e setor regulado.<\/p>\n<p style=\"text-align: justify; \">O objetivo da consulta p\u00fablica \u00e9 melhorar a regulamenta\u00e7\u00e3o dos laborat\u00f3rios anal\u00edticos, com a participa\u00e7\u00e3o de todos os setores envolvidos. A proposta re\u00fane regras de duas normas \u2014 a\u00a0Resolu\u00e7\u00e3o da Diretoria Colegiada (RDC) 512\/2021 e a RDC 928\/2024) \u2014 em uma s\u00f3, como parte de um processo de simplifica\u00e7\u00e3o regulat\u00f3ria.<\/p>\n<p style=\"text-align: justify; \">A mudan\u00e7a na RDC 928\/2024 busca tornar o texto mais claro, atualizar conceitos e incluir pontos da revis\u00e3o da RDC 512\/2021, que est\u00e1 sendo ajustada para acompanhar avan\u00e7os tecnol\u00f3gicos e normas internacionais.<\/p>\n<p style=\"text-align: justify; \">Para ajudar na decis\u00e3o sobre essa atualiza\u00e7\u00e3o, foi feita uma <a href=\"https:\/\/www.gov.br\/anvisa\/pt-br\/assuntos\/regulamentacao\/air\/analises-de-impacto-regulatorio\/2025\/25351-924869-2021-25-relatorio-de-analise-de-impacto-regulatorio-sobre-revisao-das-boas-praticas-laboratoriais\" rel=\"nofollow noopener\" target=\"_blank\">An\u00e1lise de Impacto Regulat\u00f3rio (AIR),<\/a> com informa\u00e7\u00f5es sobre o cen\u00e1rio atual, os problemas das regras atuais, poss\u00edveis solu\u00e7\u00f5es e os riscos da nova proposta, que abrange os temas 7.1.1 e 7.1.2 da Agenda Regulat\u00f3ria 2024-2025.<\/p>\n<p><strong>Como participar<\/strong><\/p>\n<p style=\"text-align: justify; \">O prazo da consulta p\u00fablica ter\u00e1 in\u00edcio em 29 de agosto e t\u00e9rmino em 27 de outubro.<\/p>\n<ol style=\"text-align: justify; \">\n<li>Leia a <a href=\"https:\/\/anexosportal.datalegis.net\/arquivos\/1910077.pdf\" rel=\"nofollow noopener\" target=\"_blank\">\u00edntegra da proposta de norma neste link<\/a>\u00a0ou no <a href=\"https:\/\/www.gov.br\/participamaisbrasil\/consultas-publicas\" rel=\"nofollow noopener\" target=\"_blank\">portal Participa + Brasil<\/a>.\u00a0<\/li>\n<li>Envie a sua contribui\u00e7\u00e3o por meio do\u00a0<a href=\"http:\/\/pesquisa.anvisa.gov.br\/index.php\/336397?lang=pt-BR\" rel=\"nofollow noopener\" target=\"_blank\">formul\u00e1rio on-line<\/a>.<\/li>\n<\/ol>\n<p style=\"text-align: justify; \">Quem n\u00e3o tiver acesso \u00e0 internet tamb\u00e9m pode participar, enviando sugest\u00f5es por escrito, dentro do prazo da consulta, para o endere\u00e7o da Anvisa em Bras\u00edlia. Contribui\u00e7\u00f5es internacionais podem ser enviadas fisicamente para o mesmo local, direcionadas \u00e0 Assessoria de Assuntos Internacionais. As orienta\u00e7\u00f5es completas est\u00e3o no texto da consulta p\u00fablica.<\/p>\n<p style=\"text-align: justify; \">As contribui\u00e7\u00f5es recebidas s\u00e3o consideradas p\u00fablicas e estar\u00e3o dispon\u00edveis a qualquer interessado por meio de ferramentas contidas no menu \u201cResultado\u201d\u00a0do formul\u00e1rio eletr\u00f4nico,\u00a0inclusive durante o processo de consulta.<\/p>\n<p style=\"text-align: justify; \">Ap\u00f3s o fim do prazo estipulado (60 dias), a Ag\u00eancia promover\u00e1 a an\u00e1lise das contribui\u00e7\u00f5es e, ao final, publicar\u00e1 o resultado da consulta p\u00fablica no seu portal.<\/p>\n","protected":false},"excerpt":{"rendered":"A Anvisa quer debater com a sociedade os\u00a0crit\u00e9rios, requisitos e procedimentos para o funcionamento de laborat\u00f3rios anal\u00edticos \u2014&hellip;\n","protected":false},"author":2,"featured_media":5753,"comment_status":"","ping_status":"","sticky":false,"template":"","format":"standard","meta":{"footnotes":""},"categories":[86],"tags":[116,32,33,117],"class_list":{"0":"post-41058","1":"post","2":"type-post","3":"status-publish","4":"format-standard","5":"has-post-thumbnail","7":"category-saude","8":"tag-health","9":"tag-portugal","10":"tag-pt","11":"tag-saude"},"share_on_mastodon":{"url":"","error":""},"_links":{"self":[{"href":"https:\/\/www.europesays.com\/pt\/wp-json\/wp\/v2\/posts\/41058","targetHints":{"allow":["GET"]}}],"collection":[{"href":"https:\/\/www.europesays.com\/pt\/wp-json\/wp\/v2\/posts"}],"about":[{"href":"https:\/\/www.europesays.com\/pt\/wp-json\/wp\/v2\/types\/post"}],"author":[{"embeddable":true,"href":"https:\/\/www.europesays.com\/pt\/wp-json\/wp\/v2\/users\/2"}],"replies":[{"embeddable":true,"href":"https:\/\/www.europesays.com\/pt\/wp-json\/wp\/v2\/comments?post=41058"}],"version-history":[{"count":0,"href":"https:\/\/www.europesays.com\/pt\/wp-json\/wp\/v2\/posts\/41058\/revisions"}],"wp:featuredmedia":[{"embeddable":true,"href":"https:\/\/www.europesays.com\/pt\/wp-json\/wp\/v2\/media\/5753"}],"wp:attachment":[{"href":"https:\/\/www.europesays.com\/pt\/wp-json\/wp\/v2\/media?parent=41058"}],"wp:term":[{"taxonomy":"category","embeddable":true,"href":"https:\/\/www.europesays.com\/pt\/wp-json\/wp\/v2\/categories?post=41058"},{"taxonomy":"post_tag","embeddable":true,"href":"https:\/\/www.europesays.com\/pt\/wp-json\/wp\/v2\/tags?post=41058"}],"curies":[{"name":"wp","href":"https:\/\/api.w.org\/{rel}","templated":true}]}}