{"id":41059,"date":"2025-08-23T02:00:09","date_gmt":"2025-08-23T02:00:09","guid":{"rendered":"https:\/\/www.europesays.com\/pt\/41059\/"},"modified":"2025-08-23T02:00:09","modified_gmt":"2025-08-23T02:00:09","slug":"meu-deus-wanessa-camargo-sofre-agressao-de-dado-dolabella-apos-crise-de-ciumes-aponta-colunista","status":"publish","type":"post","link":"https:\/\/www.europesays.com\/pt\/41059\/","title":{"rendered":"Meu Deus! Wanessa Camargo sofre agress\u00e3o de Dado Dolabella ap\u00f3s crise de ci\u00fames, aponta colunista"},"content":{"rendered":"<p>\n                        A atriz teria sido agredida pelo ex em um bar no Rio de Janeiro. Entenda!\n                    <\/p>\n<p><img loading=\"lazy\" decoding=\"async\" alt=\"Meu Deus! Wanessa Camargo sofre agress\u00e3o de Dado Dolabella ap\u00f3s crise de ci\u00fames do ator, aponta colunista.\" class=\"img-2ba0148c979c01a6d682e41259ec8dab25lhn99z\" height=\"455\" src=\"https:\/\/www.europesays.com\/pt\/wp-content\/uploads\/2025\/08\/1338287578-71930979dec98ab0-1400x823-1.png\"  title=\"Meu Deus! Wanessa Camargo sofre agress\u00e3o de Dado Dolabella ap\u00f3s crise de ci\u00fames do ator, aponta colunista.\" width=\"774\"\/><\/p>\n<p>Meu Deus! Wanessa Camargo sofre agress\u00e3o de Dado Dolabella ap\u00f3s crise de ci\u00fames do ator, aponta colunista.<\/p>\n<p>Foto: Reprodu\u00e7\u00e3o, TV Globo\/Instagram \/ Purepeople<\/p>\n<p class=\"text\"><a href=\"https:\/\/www.purepeople.com.br\/famosos\/wanessa-camargo_p2431\" rel=\"nofollow noopener\" target=\"_blank\"><strong>Wanessa Camargo<\/strong><\/a>, <a href=\"https:\/\/www.purepeople.com.br\/noticia\/wanessa-camargo-e-casada-filha-de-zeze-e-no-danca-dos-famosos-2025-cantora-e-flagrada-com-ex-dado-dolabella-6-meses-apos-separacao-detalhes_a410698\/1\" rel=\"nofollow noopener\" target=\"_blank\">que foi flagrada com<\/a> <a href=\"https:\/\/www.purepeople.com.br\/famosos\/dado-dolabella_p2539\" rel=\"nofollow noopener\" target=\"_blank\"><strong>Dado Dolabella<\/strong><\/a> <a href=\"https:\/\/www.purepeople.com.br\/noticia\/wanessa-camargo-se-pronuncia-pela-1a-vez-sobre-separacao-de-dado-dolabella-e-entrega-motivo-estou-precisando_a403477\/1\" rel=\"nofollow noopener\" target=\"_blank\">seis meses ap\u00f3s a separa\u00e7\u00e3o<\/a>, teria sido <a href=\"https:\/\/www.purepeople.com.br\/noticia\/por-onde-a-flavia-de-malhacao-atriz-thais-vaz-perdeu-visao-apos-agressao-de-ex-namorado_a410067\/1\" rel=\"nofollow noopener\" target=\"_blank\">v\u00edtima de agress\u00e3o por parte do ex<\/a> nesta quinta-feira (21). Segundo a colunista <strong>F\u00e1bia Oliveira<\/strong>, do portal Metr\u00f3poles, a confus\u00e3o teria acontecido em um bar na Barra da Tijuca, Zona Oeste do Rio de Janeiro, durante uma confraterniza\u00e7\u00e3o <a href=\"https:\/\/www.purepeople.com.br\/noticia\/zeze-di-camargo-chora-de-emocao-com-canto-de-wanessa-camargo-no-batizado-de-clara-filha-bebe-com-graciele-lacerda-veja-20-fotos_a410580\/1\" rel=\"nofollow noopener\" target=\"_blank\">dos participantes do &#8220;Dan\u00e7a dos Famosos&#8221;.<\/a><\/p>\n<p>\n  Dado Dolabella teria agredido Wanessa Camargo e Luan Pereira\n<\/p>\n<p class=\"text\">De acordo com fontes ouvidas pela colunista, alguns famosos celebravam <a href=\"https:\/\/www.purepeople.com.br\/noticia\/lucas-leto-no-danca-dos-famosos-apos-pressao-de-alice-wegmann-o-sardinha-de-vale-tudo-disse-sim-para-luciano-huck-e-quer-enfrentar-grave-medo_a410498\/1\" rel=\"nofollow noopener\" target=\"_blank\">o in\u00edcio da temporada do quadro do &#8220;Doming\u00e3o com Huck&#8221; <\/a>quando <strong>Luan Pereira<\/strong> resolveu mostrar um passo de dan\u00e7a para a filha de <strong>Zez\u00e9 Di Camargo<\/strong>, segurando-a pela cintura. O ve\u00edculo destacou que a namorada do sertanejo estava presente e que &#8220;n\u00e3o havia clima de paquera&#8221; entre os dois. Ainda assim, Dado Dolabella teria sentido ci\u00fames e partido para cima do cantor, que acabou caindo no ch\u00e3o.<\/p>\n<p class=\"text\">Na sequ\u00eancia, o campe\u00e3o de &#8220;A Fazenda&#8221; (2009) teria empurrado Wanessa, sendo contido e retirado do local. Ap\u00f3s a cena constrangedora, a artista deixou o bar e seguiu para o hotel Hilton, acompanhada pelo colega de programa Alan de Souza. Dado ainda teria tentado segui-la, mas a cantora pediu \u00e0 equipe que acionasse a pol\u00edcia contra o ator.<\/p>\n<p class=\"text\">At\u00e9 o momento, nenhum dos envolvidos se pronunciou oficialmente.<\/p>\n<p>\n  Wanessa e Dado protagonizaram idas e vindas em relacionamento\n<\/p>\n<p class=\"text\">Wanessa e Dado viveram um relacionamento marcado por idas e vindas desde os anos 2000. Eles ficaram juntos at\u00e9 2002, reataram em 2003 e terminaram &#8230;<\/p>\n<p class=\"text\"><a href=\"https:\/\/www.purepeople.com.br\/noticia\/wanessa-camargo-e-agredida-por-dado-dolabella-em-bar-no-rio-de-janeiro-apos-separacao-diz-colunista_a410736\/1\" rel=\"nofollow noopener\" target=\"_blank\">Veja mais<\/a><\/p>\n<p class=\"text\"><b>Mat\u00e9rias relacionadas<\/b><\/p>\n<p class=\"text\"><a href=\"https:\/\/www.purepeople.com.br\/noticia\/wanessa-camargo-e-casada-filha-de-zeze-e-no-danca-dos-famosos-2025-cantora-e-flagrada-com-ex-dado-dolabella-6-meses-apos-separacao-detalhes_a410698\/1\" rel=\"nofollow noopener\" target=\"_blank\">Juntos de novo? Wanessa Camargo \u00e9 flagrada com Dado Dolabella seis meses ap\u00f3s separa\u00e7\u00e3o. Detalhes!<\/a><\/p>\n<p class=\"text\"><a href=\"https:\/\/www.purepeople.com.br\/noticia\/apos-3-meses-separados-wanessa-camargo-e-dado-dolabella-voltam-a-morar-juntos-nova-aposta-da-relacao-e-discricao_a407081\/1\" rel=\"nofollow noopener\" target=\"_blank\">Mas o amor n\u00e3o deixa&#8230; Ap\u00f3s 3 meses separados, Wanessa e Dado Dolabella voltam a morar juntos e apostam em discri\u00e7\u00e3o<\/a><\/p>\n<p class=\"text\"><a href=\"https:\/\/www.purepeople.com.br\/noticia\/pai-do-dado-dolabella-ex-de-pepita-rodrigues-ator-passou-por-longa-operacao-no-coracao-e-ficou-mais-de-100-dias-no-hospital-ate-a-morte_a406873\/1\" rel=\"nofollow noopener\" target=\"_blank\">Pai de Dado Dolabella, Carlos Eduardo Dolabella morreu h\u00e1 quase 22 anos ap\u00f3s mais de 100 dias internado<\/a><\/p>\n<p class=\"text\"><a href=\"https:\/\/www.purepeople.com.br\/noticia\/casamento-de-zeze-di-camargo-e-graciele-lacerda-aos-44-anos-famosa-revela-crise-na-relacao-apos-nascimento-da-filha-do-casal-desistir_a408162\/1\" rel=\"nofollow noopener\" target=\"_blank\">&#8216;Pensou em desistir&#8230;&#8217;: Graciele Lacerda abre o jogo sobre crise em casamento com Zez\u00e9 Di Camargo 5 meses ap\u00f3s nascimento da filha do casal<\/a><\/p>\n<p class=\"text\"><a href=\"https:\/\/www.purepeople.com.br\/noticia\/de-gracyanne-barbosa-a-wanessa-camargo-veja-fotos-e-looks-das-famosas-em-festa-apos-a-final-do-bbb-25_a406155\/1\" rel=\"nofollow noopener\" target=\"_blank\">De Gracyanne Barbosa a Wanessa Camargo: veja fotos e looks das famosas em festa ap\u00f3s a final do &#8216;BBB 25&#8217;<\/a><\/p>\n","protected":false},"excerpt":{"rendered":"A atriz teria sido agredida pelo ex em um bar no Rio de Janeiro. Entenda! Meu Deus! Wanessa&hellip;\n","protected":false},"author":2,"featured_media":41060,"comment_status":"","ping_status":"","sticky":false,"template":"","format":"standard","meta":{"footnotes":""},"categories":[145],"tags":[211,210,114,115,32,33],"class_list":{"0":"post-41059","1":"post","2":"type-post","3":"status-publish","4":"format-standard","5":"has-post-thumbnail","7":"category-celebridades","8":"tag-celebridades","9":"tag-celebrities","10":"tag-entertainment","11":"tag-entretenimento","12":"tag-portugal","13":"tag-pt"},"share_on_mastodon":{"url":"","error":""},"_links":{"self":[{"href":"https:\/\/www.europesays.com\/pt\/wp-json\/wp\/v2\/posts\/41059","targetHints":{"allow":["GET"]}}],"collection":[{"href":"https:\/\/www.europesays.com\/pt\/wp-json\/wp\/v2\/posts"}],"about":[{"href":"https:\/\/www.europesays.com\/pt\/wp-json\/wp\/v2\/types\/post"}],"author":[{"embeddable":true,"href":"https:\/\/www.europesays.com\/pt\/wp-json\/wp\/v2\/users\/2"}],"replies":[{"embeddable":true,"href":"https:\/\/www.europesays.com\/pt\/wp-json\/wp\/v2\/comments?post=41059"}],"version-history":[{"count":0,"href":"https:\/\/www.europesays.com\/pt\/wp-json\/wp\/v2\/posts\/41059\/revisions"}],"wp:featuredmedia":[{"embeddable":true,"href":"https:\/\/www.europesays.com\/pt\/wp-json\/wp\/v2\/media\/41060"}],"wp:attachment":[{"href":"https:\/\/www.europesays.com\/pt\/wp-json\/wp\/v2\/media?parent=41059"}],"wp:term":[{"taxonomy":"category","embeddable":true,"href":"https:\/\/www.europesays.com\/pt\/wp-json\/wp\/v2\/categories?post=41059"},{"taxonomy":"post_tag","embeddable":true,"href":"https:\/\/www.europesays.com\/pt\/wp-json\/wp\/v2\/tags?post=41059"}],"curies":[{"name":"wp","href":"https:\/\/api.w.org\/{rel}","templated":true}]}}