{"id":410611,"date":"2026-06-08T13:34:56","date_gmt":"2026-06-08T13:34:56","guid":{"rendered":"https:\/\/www.europesays.com\/pt\/410611\/"},"modified":"2026-06-08T13:34:56","modified_gmt":"2026-06-08T13:34:56","slug":"sao-joao-brasileiro-toma-conta-de-oeiras-com-tres-dias-de-festa-e-forro","status":"publish","type":"post","link":"https:\/\/www.europesays.com\/pt\/410611\/","title":{"rendered":"S\u00e3o Jo\u00e3o brasileiro toma conta de Oeiras com tr\u00eas dias de festa e forr\u00f3"},"content":{"rendered":"<p>O clima das festas juninas brasileiras volta a tomar conta dos arredores de Lisboa neste m\u00eas. Entre os dias 19 e 21 de junho, o Jardim Municipal de Pa\u00e7o de Arcos, em Oeiras, recebe mais uma edi\u00e7\u00e3o do <strong>O Bai\u00e3o Vai &#8211; Viva S\u00e3o Jo\u00e3o<\/strong>, festival dedicado \u00e0 cultura nordestina que ter\u00e1 shows de forr\u00f3, quadrilhas, gastronomia t\u00edpica e atividades para toda a fam\u00edlia. A entrada \u00e9 gratuita.<\/p>\n<p>Promovido pelo Espa\u00e7o Bai\u00e3o, coletivo criado por brasileiros em Portugal, o evento ser\u00e1 realizado na quinta e sexta-feira, das 17h \u00e0 meia-noite, e no s\u00e1bado e domingo, do meio-dia \u00e0 meia-noite. A proposta \u00e9 recriar o ambiente das tradicionais festas de S\u00e3o Jo\u00e3o, uma das celebra\u00e7\u00f5es mais populares do calend\u00e1rio brasileiro.<\/p>\n<p><a aria-label=\"content\" target=\"_blank\" href=\"https:\/\/whatsapp.com\/channel\/0029VaoGfRxGpLHSUKm1Fe3u?ref=dnbrasil.dn.pt\" rel=\"nofollow noopener\">Clique aqui e siga o canal do DN Brasil no WhatsApp!<\/a><\/p>\n<p>Al\u00e9m da programa\u00e7\u00e3o musical, o festival contar\u00e1 com barracas de comida t\u00edpica, artesanato e atividades voltadas para crian\u00e7as e fam\u00edlias. A expectativa da organiza\u00e7\u00e3o \u00e9 reunir brasileiros e portugueses em torno de manifesta\u00e7\u00f5es culturais ligadas ao Nordeste do Brasil, com destaque para o forr\u00f3 e as quadrilhas juninas.<\/p>\n","protected":false},"excerpt":{"rendered":"O clima das festas juninas brasileiras volta a tomar conta dos arredores de Lisboa neste m\u00eas. Entre os&hellip;\n","protected":false},"author":2,"featured_media":410612,"comment_status":"","ping_status":"","sticky":false,"template":"","format":"standard","meta":{"footnotes":"","_share_on_mastodon":"0"},"categories":[85],"tags":[11556,11197,114,115,35827,7785,32,33],"class_list":["post-410611","post","type-post","status-publish","format-standard","has-post-thumbnail","category-entretenimento","tag-cultura-dn-brasil","tag-dn-brasil","tag-entertainment","tag-entretenimento","tag-forro","tag-musica-brasileira","tag-portugal","tag-pt"],"share_on_mastodon":{"url":"https:\/\/pubeurope.com\/@pt\/116714754879508405","error":""},"_links":{"self":[{"href":"https:\/\/www.europesays.com\/pt\/wp-json\/wp\/v2\/posts\/410611","targetHints":{"allow":["GET"]}}],"collection":[{"href":"https:\/\/www.europesays.com\/pt\/wp-json\/wp\/v2\/posts"}],"about":[{"href":"https:\/\/www.europesays.com\/pt\/wp-json\/wp\/v2\/types\/post"}],"author":[{"embeddable":true,"href":"https:\/\/www.europesays.com\/pt\/wp-json\/wp\/v2\/users\/2"}],"replies":[{"embeddable":true,"href":"https:\/\/www.europesays.com\/pt\/wp-json\/wp\/v2\/comments?post=410611"}],"version-history":[{"count":0,"href":"https:\/\/www.europesays.com\/pt\/wp-json\/wp\/v2\/posts\/410611\/revisions"}],"wp:featuredmedia":[{"embeddable":true,"href":"https:\/\/www.europesays.com\/pt\/wp-json\/wp\/v2\/media\/410612"}],"wp:attachment":[{"href":"https:\/\/www.europesays.com\/pt\/wp-json\/wp\/v2\/media?parent=410611"}],"wp:term":[{"taxonomy":"category","embeddable":true,"href":"https:\/\/www.europesays.com\/pt\/wp-json\/wp\/v2\/categories?post=410611"},{"taxonomy":"post_tag","embeddable":true,"href":"https:\/\/www.europesays.com\/pt\/wp-json\/wp\/v2\/tags?post=410611"}],"curies":[{"name":"wp","href":"https:\/\/api.w.org\/{rel}","templated":true}]}}