{"id":410615,"date":"2026-06-08T13:38:12","date_gmt":"2026-06-08T13:38:12","guid":{"rendered":"https:\/\/www.europesays.com\/pt\/410615\/"},"modified":"2026-06-08T13:38:12","modified_gmt":"2026-06-08T13:38:12","slug":"estudante-italiana-pode-ter-morrido-de-isquemia-cardiaca-observador","status":"publish","type":"post","link":"https:\/\/www.europesays.com\/pt\/410615\/","title":{"rendered":"Estudante italiana pode ter morrido de isquemia card\u00edaca \u2013 Observador"},"content":{"rendered":"<p>A estudante italiana que morreu no dia 31 de maio, nas Caldas da Rainha, ap\u00f3s falar ao telem\u00f3vel com uma tia pode ter tido uma <strong>isquemia card\u00edaca<\/strong>, avan\u00e7a o jornal italiano <a href=\"https:\/\/www.palermotoday.it\/cronaca\/sofia-barilla-studentessa-morta-autopsia.html\" rel=\"nofollow noopener\" target=\"_blank\">Palermo Today<\/a>, com base numa an\u00e1lise preliminar de um m\u00e9dico legista. No entanto, os resultados da aut\u00f3psia s\u00f3 ser\u00e3o revelados daqui a tr\u00eas meses.<\/p>\n<p>\u201cSei que a aut\u00f3psia demora, mas confio num m\u00e9dico que, ao olhar nos meus olhos, do meu irm\u00e3o, da minha cunhada e do meu sobrinhos, explicou-nos com o cora\u00e7\u00e3o partido o que ele acredita ter acontecido\u201d, afirmou a tia, Fiorella Barill\u00e0, ao Palermo Today.<\/p>\n<p>A isquemia \u00e9 a \u201cpresen\u00e7a de um fluxo de sangue e oxig\u00e9nio inadequado a uma parte espec\u00edfica do organismo\u201d, que se origina devido ao estreitamento ou bloqueio das art\u00e9rias que alimentam, de acordo com a <a href=\"https:\/\/www.cuf.pt\/saude-a-z\/isquemia\" rel=\"nofollow noopener\" target=\"_blank\">CUF<\/a>. Quando afeta o cora\u00e7\u00e3o, provoca dor tor\u00e1cica ou, <strong>se a isquemia for s\u00fabita, enfarte do mioc\u00e1rdio<\/strong>.<\/p>\n<p><strong>Momentos antes da morte da sobrinha, a estudante, Sofia Barill\u00e0, manifestou mal-estar \u00e0 tia<\/strong>. \u201cNo domingo \u00e0 noite, est\u00e1vamos a conversar ao telem\u00f3vel. Ela tinha acabado de chegar a casa, estava calor e ela disse-me \u2018<strong>Tia, estou a sentir-me mal, ligo mais tarde<\/strong>\u2018. Eu respondi \u2018Tudo bem, querida, vai para a cama e coloca as pernas para cima&#8217;\u201d, relata a tia, que sublinha que <strong>a chamada terminou normalmente<\/strong>.<\/p>\n<p>Horas depois, e ap\u00f3s v\u00e1rias mensagens e chamadas n\u00e3o atendidas, pediu a amigos da sobrinha para ver como estava. Os colegas de quarto encontraram Sofia inanimada, tendo pedido ajuda m\u00e9dica, que declarou o \u00f3bito no local.<\/p>\n<p>Sofia Barill\u00e0 estudava nas Caldas da Rainha no \u00e2mbito do programa Erasmus. O seu corpo foi transladado para It\u00e1lia no s\u00e1bado, com o apoio das autoridades consulares e do governo regional, que cobriu as despesas, segundo o <a href=\"https:\/\/gazzettadelsud.it\/articoli\/cronaca\/2026\/06\/06\/palermo-lunedi-i-funerali-di-sofia-barilla-studentessa-morta-in-portogallo-durante-lerasmus-b032a25b-add8-490f-ad4b-154fb5411438\/\" rel=\"nofollow noopener\" target=\"_blank\">Gazzetta del Sud<\/a>. O funeral realiza-se esta segunda-feira, em Palermo.<\/p>\n<p>O processo de translada\u00e7\u00e3o teve de ser feito atrav\u00e9s de meios pr\u00f3prios da fam\u00edlia e da ajuda do governo regional, devido a <strong>v\u00e1rios entraves relacionados com o seguro da Universidade Polit\u00e9cnica de Mil\u00e3o<\/strong>, disponibilizado para os alunos do programa Erasmus.<\/p>\n<p>\u201cDurante dias, a Europe Assistance manteve-nos, aos familiares, \u00e0 espera de not\u00edcias, atendendo a todas as nossas chamadas com a promessa de \u2018ligaremos de volta em dez minutos\u2019. Essas chamadas nunca aconteceram\u201d, denunciou a tia, ao <a href=\"https:\/\/www.palermotoday.it\/cronaca\/sofia-barilla-studentessa-morta-autopsia.html\" rel=\"nofollow noopener\" target=\"_blank\">Palermo Today<\/a>, referindo que tinham de explicar o caso v\u00e1rias vezes a diferentes operadores.<\/p>\n<p>A translada\u00e7\u00e3o acabou por se concretizar ainda na semana passada e o corpo chegou a Palermo no s\u00e1bado.<\/p>\n","protected":false},"excerpt":{"rendered":"A estudante italiana que morreu no dia 31 de maio, nas Caldas da Rainha, ap\u00f3s falar ao telem\u00f3vel&hellip;\n","protected":false},"author":2,"featured_media":410616,"comment_status":"","ping_status":"","sticky":false,"template":"","format":"standard","meta":{"footnotes":"","_share_on_mastodon":"0"},"categories":[10],"tags":[27,28,445,15,16,14,4506,25,26,21,22,62,12,13,19,20,32,23,24,33,2946,58,17,18,2303,29,30,31],"class_list":["post-410615","post","type-post","status-publish","format-standard","has-post-thumbnail","category-portugal","tag-breaking-news","tag-breakingnews","tag-europa","tag-featured-news","tag-featurednews","tag-headlines","tag-itu00e1lia","tag-latest-news","tag-latestnews","tag-main-news","tag-mainnews","tag-mundo","tag-news","tag-noticias","tag-noticias-principais","tag-noticiasprincipais","tag-portugal","tag-principais-noticias","tag-principaisnoticias","tag-pt","tag-sau00fade","tag-sociedade","tag-top-stories","tag-topstories","tag-u00d3bito","tag-ultimas","tag-ultimas-noticias","tag-ultimasnoticias"],"share_on_mastodon":{"url":"https:\/\/pubeurope.com\/@pt\/116714766740293209","error":""},"_links":{"self":[{"href":"https:\/\/www.europesays.com\/pt\/wp-json\/wp\/v2\/posts\/410615","targetHints":{"allow":["GET"]}}],"collection":[{"href":"https:\/\/www.europesays.com\/pt\/wp-json\/wp\/v2\/posts"}],"about":[{"href":"https:\/\/www.europesays.com\/pt\/wp-json\/wp\/v2\/types\/post"}],"author":[{"embeddable":true,"href":"https:\/\/www.europesays.com\/pt\/wp-json\/wp\/v2\/users\/2"}],"replies":[{"embeddable":true,"href":"https:\/\/www.europesays.com\/pt\/wp-json\/wp\/v2\/comments?post=410615"}],"version-history":[{"count":0,"href":"https:\/\/www.europesays.com\/pt\/wp-json\/wp\/v2\/posts\/410615\/revisions"}],"wp:featuredmedia":[{"embeddable":true,"href":"https:\/\/www.europesays.com\/pt\/wp-json\/wp\/v2\/media\/410616"}],"wp:attachment":[{"href":"https:\/\/www.europesays.com\/pt\/wp-json\/wp\/v2\/media?parent=410615"}],"wp:term":[{"taxonomy":"category","embeddable":true,"href":"https:\/\/www.europesays.com\/pt\/wp-json\/wp\/v2\/categories?post=410615"},{"taxonomy":"post_tag","embeddable":true,"href":"https:\/\/www.europesays.com\/pt\/wp-json\/wp\/v2\/tags?post=410615"}],"curies":[{"name":"wp","href":"https:\/\/api.w.org\/{rel}","templated":true}]}}