{"id":41062,"date":"2025-08-23T02:06:08","date_gmt":"2025-08-23T02:06:08","guid":{"rendered":"https:\/\/www.europesays.com\/pt\/41062\/"},"modified":"2025-08-23T02:06:08","modified_gmt":"2025-08-23T02:06:08","slug":"manchester-united-recebe-sim-de-guarda-redes","status":"publish","type":"post","link":"https:\/\/www.europesays.com\/pt\/41062\/","title":{"rendered":"Manchester United recebe &#8220;sim&#8221; de guarda-redes"},"content":{"rendered":"<p>Senne Lammens j\u00e1 disse sim ao Manchester United, garante Fabrizio Romano. A mesma fonte refere que o neg\u00f3cio pode concretizar-se por uma verba a rondar os 20 milh\u00f5es de euros e as negocia\u00e7\u00f5es est\u00e3o bem encaminhadas. <\/p>\n<p>O Manchester United continua a trabalhar na contrata\u00e7\u00e3o de Senne Lammens junto do Royal Antu\u00e9rpia e h\u00e1 assim progressos significativos. O guarda-redes belga n\u00e3o est\u00e1 em conversa\u00e7\u00f5es com o Manchester City, que olha para Gianluigi Donnarumma em caso de sa\u00edda de Ederson.<\/p>\n<p>Neste mercado de ver\u00e3o, o Manchester United de Ruben Amorim refor\u00e7ou sobretudo o ataque, ao contratar at\u00e9 ao momento Matheus Cunha, Bryan Mbeumo e Benjamin Sesko. O clube da Premier League olha ainda para\u00a0<a href=\"https:\/\/bolanarede.pt\/especial-bola-na-rede\/atualidade\/manchester-united-de-ruben-amorim-tem-6-alternativas-a-carlos-baleba-para-o-meio-campo-e-olha-para-medio-do-sporting\/\" target=\"_blank\" rel=\"noreferrer noopener nofollow\">v\u00e1rias alternativas para o meio-campo<\/a>.<\/p>\n<blockquote class=\"twitter-tweet\" data-width=\"550\" data-dnt=\"true\">\n<p lang=\"en\" dir=\"ltr\">\ud83d\udea8\ud83d\udd34 More on Senne Lammens and Man United story revealed today.<\/p>\n<p>Talks are well underway with Royal Antwerp on transfer fee close to \u20ac20m, negotiations advancing.<\/p>\n<p>Lammens said yes to Man United, no talks with Man City as their target is Gigio Donnarumma\u2026 if \u00c9derson leaves. <a href=\"https:\/\/t.co\/xuPX5eX0yp\" rel=\"nofollow\">pic.twitter.com\/xuPX5eX0yp<\/a><\/p>\n<p>&mdash; Fabrizio Romano (@FabrizioRomano) <a href=\"https:\/\/twitter.com\/FabrizioRomano\/status\/1958914300950540530?ref_src=twsrc%5Etfw\" rel=\"nofollow noopener\" target=\"_blank\">August 22, 2025<\/a><\/p><\/blockquote>\n<p><script async src=\"https:\/\/platform.twitter.com\/widgets.js\" charset=\"utf-8\"><\/script>\n<\/p>\n<p><script async src=\"https:\/\/platform.twitter.com\/widgets.js\" charset=\"utf-8\"><\/script><\/p>\n","protected":false},"excerpt":{"rendered":"Senne Lammens j\u00e1 disse sim ao Manchester United, garante Fabrizio Romano. A mesma fonte refere que o neg\u00f3cio&hellip;\n","protected":false},"author":2,"featured_media":41063,"comment_status":"","ping_status":"","sticky":false,"template":"","format":"standard","meta":{"footnotes":""},"categories":[87],"tags":[260,135,663,32,33,12487,134],"class_list":{"0":"post-41062","1":"post","2":"type-post","3":"status-publish","4":"format-standard","5":"has-post-thumbnail","7":"category-desporto","8":"tag-atualidade","9":"tag-desporto","10":"tag-manchester-united","11":"tag-portugal","12":"tag-pt","13":"tag-ruben-amorin","14":"tag-sports"},"share_on_mastodon":{"url":"","error":""},"_links":{"self":[{"href":"https:\/\/www.europesays.com\/pt\/wp-json\/wp\/v2\/posts\/41062","targetHints":{"allow":["GET"]}}],"collection":[{"href":"https:\/\/www.europesays.com\/pt\/wp-json\/wp\/v2\/posts"}],"about":[{"href":"https:\/\/www.europesays.com\/pt\/wp-json\/wp\/v2\/types\/post"}],"author":[{"embeddable":true,"href":"https:\/\/www.europesays.com\/pt\/wp-json\/wp\/v2\/users\/2"}],"replies":[{"embeddable":true,"href":"https:\/\/www.europesays.com\/pt\/wp-json\/wp\/v2\/comments?post=41062"}],"version-history":[{"count":0,"href":"https:\/\/www.europesays.com\/pt\/wp-json\/wp\/v2\/posts\/41062\/revisions"}],"wp:featuredmedia":[{"embeddable":true,"href":"https:\/\/www.europesays.com\/pt\/wp-json\/wp\/v2\/media\/41063"}],"wp:attachment":[{"href":"https:\/\/www.europesays.com\/pt\/wp-json\/wp\/v2\/media?parent=41062"}],"wp:term":[{"taxonomy":"category","embeddable":true,"href":"https:\/\/www.europesays.com\/pt\/wp-json\/wp\/v2\/categories?post=41062"},{"taxonomy":"post_tag","embeddable":true,"href":"https:\/\/www.europesays.com\/pt\/wp-json\/wp\/v2\/tags?post=41062"}],"curies":[{"name":"wp","href":"https:\/\/api.w.org\/{rel}","templated":true}]}}