{"id":41064,"date":"2025-08-23T02:07:14","date_gmt":"2025-08-23T02:07:14","guid":{"rendered":"https:\/\/www.europesays.com\/pt\/41064\/"},"modified":"2025-08-23T02:07:14","modified_gmt":"2025-08-23T02:07:14","slug":"birth-cmo-e-summit-febrasgo-uma-edicao-historica","status":"publish","type":"post","link":"https:\/\/www.europesays.com\/pt\/41064\/","title":{"rendered":"Birth, CMO e Summit FEBRASGO: uma edi\u00e7\u00e3o hist\u00f3rica"},"content":{"rendered":"<p>\t\t\t\t\t\t\t\t    \t\t\t<a data-k2-modal=\"image\" href=\"https:\/\/www.febrasgo.org.br\/media\/k2\/items\/cache\/50c9eed0996e11b100ab670e647dd444_XL.jpg\" title=\"Clique para imagem de visualiza\u00e7\u00e3o\" rel=\"nofollow noopener\" target=\"_blank\"><br \/>\n\t\t\t\t\t\t\t\t<img decoding=\"async\" src=\"https:\/\/www.europesays.com\/pt\/wp-content\/uploads\/2025\/08\/50c9eed0996e11b100ab670e647dd444_L.jpg\" alt=\"Birth, CMO e Summit FEBRASGO: uma edi\u00e7\u00e3o hist\u00f3rica\" style=\"width:100%; ?&gt;px; max-width:100%; height:auto;\"\/><br \/>\n\t\t\t\t\t\t\t<\/a><\/p>\n<p>De 04 a 06 de dezembro, o Centro de Conven\u00e7\u00f5es Frei Caneca ser\u00e1 palco de tr\u00eas eventos reunidos em um s\u00f3: o <strong>Birth Clinical Challenges in Labor and Delivery, <\/strong>o <strong>Congresso de Medicina Obst\u00e9trica do Grupo Santa Joana <\/strong>e o<strong> Summit de Inova\u00e7\u00e3o em Sa\u00fade Feminina da FEBRASGO<\/strong>.<\/p>\n<p>O <strong>Dr. Eduardo Cordioli, obstetra membro da CNE de Urg\u00eancias Obst\u00e9tricas<\/strong>, \u00e9 um dos organizadores do evento. \u201cChegar nesta 10\u00aa edi\u00e7\u00e3o \u00e9 um marco \u2014 e o nosso maior desafio foi elevar o padr\u00e3o cient\u00edfico mantendo acessibilidade. Estamos orquestrando tr\u00eas eventos em um, numa arena imersiva, com tradu\u00e7\u00e3o em portugu\u00eas, ingl\u00eas e espanhol. Queremos conte\u00fado de classe mundial, que dialogue com a realidade brasileira \u2014 do SUS ao setor privado \u2014 e uma experi\u00eancia que permita ao m\u00e9dico participar de plen\u00e1rias com temas que v\u00e3o al\u00e9m da atualiza\u00e7\u00e3o cient\u00edfica, mas que tragam reflex\u00e3o sobre sua pr\u00e1tica di\u00e1ria e seguran\u00e7a assistencial\u201d, comenta.<\/p>\n<p>Entre os destaques da programa\u00e7\u00e3o, Dr. Eduardo elenca: os mais de 25 convidados internacionais confirmados \u2014 grandes nomes da Obstetr\u00edcia; as sess\u00f5es especializadas com l\u00edderes mundiais de pesquisa em linhas espec\u00edficas como acretismo placent\u00e1rio, hemorragia p\u00f3s-parto, parto prematuro, assist\u00eancia ao parto de alta complexidade; al\u00e9m das discuss\u00f5es sobre protocolos avan\u00e7ados de seguran\u00e7a assistencial materna baseados em casos reais; e o eixo de inova\u00e7\u00e3o, com intelig\u00eancia artificial aplicada \u00e0 obstetr\u00edcia e novos modelos de cuidado. \u201cTeremos ainda a participa\u00e7\u00e3o de <strong>refer\u00eancias globais, como Roberto Romero, Giancarlo Di Renzo e Gerard Visser<\/strong>, tornando esta edi\u00e7\u00e3o verdadeiramente hist\u00f3rica\u201d, diz ele.<\/p>\n<p>A <strong>Dra. Maria Celeste Os\u00f3rio Wender, presidente da FEBRASGO<\/strong> e membro da Comiss\u00e3o Organizadora do evento, ressalta: \u201c\u00c9 uma grande satisfa\u00e7\u00e3o poder reunir profissionais internacionais de renome na \u00e1rea da Obstetr\u00edcia em duas programa\u00e7\u00f5es da ARENA FEBRASGO: uma delas \u00e9 o <strong>Atualiza Parto FEBRASGO<\/strong>, no dia 05\/12, com uma programa\u00e7\u00e3o dedicada a discutir as atualiza\u00e7\u00f5es mais relevantes na Obstetr\u00edcia, mas sempre contextualizadas \u00e0 realidade brasileira, incluindo temas priorit\u00e1rios, como pol\u00edticas p\u00fablicas. Teremos a presen\u00e7a do Minist\u00e9rio da Sa\u00fade, da OPAS (Organiza\u00e7\u00e3o Pan-Americana da Sa\u00fade) e do CLAP (Centro Latino-Americano de Perinatologia). No dia 06\/12 ser\u00e1 a vez do <strong>Summit Inova\u00e7\u00e3o FEBRASGO<\/strong>, trazendo novidades e tend\u00eancias para a pr\u00e1tica m\u00e9dica da nossa especialidade. Estamos muito animados e esperamos todos l\u00e1!\u201d.<\/p>\n<p>A 1\u00aa edi\u00e7\u00e3o do Birth tamb\u00e9m ocorreu no Brasil, h\u00e1 dez anos, e para a <strong>Dra. Roseli Nomura, diretora administrativa da FEBRASGO<\/strong>, \u201co evento \u00e9 bem marcante e muito importante para a \u00e1rea da Obstetr\u00edcia, porque traz as principais inova\u00e7\u00f5es e condutas internacionais na assist\u00eancia ao parto\u201d.<\/p>\n<p>E neste ano o evento tem uma proposta diferente: n\u00e3o haver\u00e1 salas separadas, e sim uma grande arena, com os palestrantes internacionais e nacionais no mesmo espa\u00e7o. Os congressistas receber\u00e3o dispositivos eletr\u00f4nicos para poder escolher entre assistir a uma palestra nacional ou internacional.<\/p>\n<p>Para inscri\u00e7\u00f5es, acesse: <a href=\"http:\/\/www.ensino.gruposantajoana.com.br\/cmo2025\/\" rel=\"nofollow noopener\" target=\"_blank\">www.ensino.gruposantajoana.com.br\/cmo2025\/<\/a><\/p>\n<p>\u00a0<\/p>\n","protected":false},"excerpt":{"rendered":"De 04 a 06 de dezembro, o Centro de Conven\u00e7\u00f5es Frei Caneca ser\u00e1 palco de tr\u00eas eventos reunidos&hellip;\n","protected":false},"author":2,"featured_media":41065,"comment_status":"","ping_status":"","sticky":false,"template":"","format":"standard","meta":{"footnotes":""},"categories":[86],"tags":[116,32,33,117],"class_list":{"0":"post-41064","1":"post","2":"type-post","3":"status-publish","4":"format-standard","5":"has-post-thumbnail","7":"category-saude","8":"tag-health","9":"tag-portugal","10":"tag-pt","11":"tag-saude"},"share_on_mastodon":{"url":"","error":""},"_links":{"self":[{"href":"https:\/\/www.europesays.com\/pt\/wp-json\/wp\/v2\/posts\/41064","targetHints":{"allow":["GET"]}}],"collection":[{"href":"https:\/\/www.europesays.com\/pt\/wp-json\/wp\/v2\/posts"}],"about":[{"href":"https:\/\/www.europesays.com\/pt\/wp-json\/wp\/v2\/types\/post"}],"author":[{"embeddable":true,"href":"https:\/\/www.europesays.com\/pt\/wp-json\/wp\/v2\/users\/2"}],"replies":[{"embeddable":true,"href":"https:\/\/www.europesays.com\/pt\/wp-json\/wp\/v2\/comments?post=41064"}],"version-history":[{"count":0,"href":"https:\/\/www.europesays.com\/pt\/wp-json\/wp\/v2\/posts\/41064\/revisions"}],"wp:featuredmedia":[{"embeddable":true,"href":"https:\/\/www.europesays.com\/pt\/wp-json\/wp\/v2\/media\/41065"}],"wp:attachment":[{"href":"https:\/\/www.europesays.com\/pt\/wp-json\/wp\/v2\/media?parent=41064"}],"wp:term":[{"taxonomy":"category","embeddable":true,"href":"https:\/\/www.europesays.com\/pt\/wp-json\/wp\/v2\/categories?post=41064"},{"taxonomy":"post_tag","embeddable":true,"href":"https:\/\/www.europesays.com\/pt\/wp-json\/wp\/v2\/tags?post=41064"}],"curies":[{"name":"wp","href":"https:\/\/api.w.org\/{rel}","templated":true}]}}