{"id":41067,"date":"2025-08-23T02:20:08","date_gmt":"2025-08-23T02:20:08","guid":{"rendered":"https:\/\/www.europesays.com\/pt\/41067\/"},"modified":"2025-08-23T02:20:08","modified_gmt":"2025-08-23T02:20:08","slug":"real-betis-fecha-ex-sporting-por-6-milhoes-de-euros","status":"publish","type":"post","link":"https:\/\/www.europesays.com\/pt\/41067\/","title":{"rendered":"Real Betis fecha ex-Sporting por 6 milh\u00f5es de euros"},"content":{"rendered":"<p><strong>O Real Betis garante a contrata\u00e7\u00e3o de Fl\u00e1vio Nazinho ao Cercle Brugge. Antigo jogador do Sporting a caminho da La Liga.<\/strong><\/p>\n<p>Fl\u00e1vio Nazinho vai ser jogador do Real Betis, garante Fabrizio Romano. A mesma fonte refere que o antigo lateral esquerdo do Sporting deixar\u00e1 o Cercle Brugge (B\u00e9lgica) e rumar\u00e1 \u00e0 La Liga numa transfer\u00eancia de 6 milh\u00f5es de euros. \u00c9 uma nova experi\u00eancia para o jovem.<\/p>\n<p>O neg\u00f3cio inclui ainda vari\u00e1veis e uma cl\u00e1usula de futura venda. Fl\u00e1vio Nazinho joga no Cercle Brugge desde a temporada 2023\/24, quando chegou por empr\u00e9stimo do Sporting. Na \u00e9poca passada, passou a ser jogador a t\u00edtulo definitivo e registou 37 jogos, um golo e seis assist\u00eancias.<\/p>\n<p>Formado no <a href=\"https:\/\/bolanarede.pt\/etiqueta\/sporting\/\" target=\"_blank\" rel=\"noreferrer noopener nofollow\">Sporting <\/a>e com 11 jogos na equipa principal dos le\u00f5es, Fl\u00e1vio Nazinho prepara-se para abra\u00e7ar um novo desafio na carreira: a La Liga.<\/p>\n<blockquote class=\"twitter-tweet\" data-width=\"550\" data-dnt=\"true\">\n<p lang=\"en\" dir=\"ltr\">\ud83d\udea8\ud83d\udfe2\u26aa\ufe0f Real Betis have agreed deal to sign Nazinho as new left back from Cercle Brugge, here we go!<\/p>\n<p>Deal in place for \u20ac6m plus add-ons and sell-on clause. <a href=\"https:\/\/t.co\/7PU7561WU4\" rel=\"nofollow\">pic.twitter.com\/7PU7561WU4<\/a><\/p>\n<p>&mdash; Fabrizio Romano (@FabrizioRomano) <a href=\"https:\/\/twitter.com\/FabrizioRomano\/status\/1958898304990736390?ref_src=twsrc%5Etfw\" rel=\"nofollow noopener\" target=\"_blank\">August 22, 2025<\/a><\/p><\/blockquote>\n<p><script async src=\"https:\/\/platform.twitter.com\/widgets.js\" charset=\"utf-8\"><\/script>\n<\/p>\n<p><script async src=\"https:\/\/platform.twitter.com\/widgets.js\" charset=\"utf-8\"><\/script><\/p>\n","protected":false},"excerpt":{"rendered":"O Real Betis garante a contrata\u00e7\u00e3o de Fl\u00e1vio Nazinho ao Cercle Brugge. Antigo jogador do Sporting a caminho&hellip;\n","protected":false},"author":2,"featured_media":41068,"comment_status":"","ping_status":"","sticky":false,"template":"","format":"standard","meta":{"footnotes":""},"categories":[87],"tags":[260,135,12363,5705,32,33,3508,34,134],"class_list":{"0":"post-41067","1":"post","2":"type-post","3":"status-publish","4":"format-standard","5":"has-post-thumbnail","7":"category-desporto","8":"tag-atualidade","9":"tag-desporto","10":"tag-flavio-nazinho","11":"tag-la-liga","12":"tag-portugal","13":"tag-pt","14":"tag-real-betis","15":"tag-sporting","16":"tag-sports"},"share_on_mastodon":{"url":"","error":""},"_links":{"self":[{"href":"https:\/\/www.europesays.com\/pt\/wp-json\/wp\/v2\/posts\/41067","targetHints":{"allow":["GET"]}}],"collection":[{"href":"https:\/\/www.europesays.com\/pt\/wp-json\/wp\/v2\/posts"}],"about":[{"href":"https:\/\/www.europesays.com\/pt\/wp-json\/wp\/v2\/types\/post"}],"author":[{"embeddable":true,"href":"https:\/\/www.europesays.com\/pt\/wp-json\/wp\/v2\/users\/2"}],"replies":[{"embeddable":true,"href":"https:\/\/www.europesays.com\/pt\/wp-json\/wp\/v2\/comments?post=41067"}],"version-history":[{"count":0,"href":"https:\/\/www.europesays.com\/pt\/wp-json\/wp\/v2\/posts\/41067\/revisions"}],"wp:featuredmedia":[{"embeddable":true,"href":"https:\/\/www.europesays.com\/pt\/wp-json\/wp\/v2\/media\/41068"}],"wp:attachment":[{"href":"https:\/\/www.europesays.com\/pt\/wp-json\/wp\/v2\/media?parent=41067"}],"wp:term":[{"taxonomy":"category","embeddable":true,"href":"https:\/\/www.europesays.com\/pt\/wp-json\/wp\/v2\/categories?post=41067"},{"taxonomy":"post_tag","embeddable":true,"href":"https:\/\/www.europesays.com\/pt\/wp-json\/wp\/v2\/tags?post=41067"}],"curies":[{"name":"wp","href":"https:\/\/api.w.org\/{rel}","templated":true}]}}