{"id":41069,"date":"2025-08-23T02:21:10","date_gmt":"2025-08-23T02:21:10","guid":{"rendered":"https:\/\/www.europesays.com\/pt\/41069\/"},"modified":"2025-08-23T02:21:10","modified_gmt":"2025-08-23T02:21:10","slug":"plantao-de-vacinacao-contra-covid-e-gripe-neste-sabado","status":"publish","type":"post","link":"https:\/\/www.europesays.com\/pt\/41069\/","title":{"rendered":"plant\u00e3o de vacina\u00e7\u00e3o contra covid e gripe neste s\u00e1bado"},"content":{"rendered":"<p>Norte Sul Plaza recebe imunizantes das 11h \u00e0s 17h com atendimento por ordem de chegada<\/p>\n<p><a href=\"https:\/\/cdn6.campograndenews.com.br\/uploads\/noticias\/2025\/08\/22\/68cc22ee63775ca95cfc835d2faa2383662c535c.png\" data-fslightbox=\"gallery\" data-title=\"Plant\u00e3o de vacina\u00e7\u00e3o contra covid e gripe vai a shopping neste s\u00e1bado\" rel=\"nofollow noopener\" target=\"_blank\"><img decoding=\"async\" src=\"https:\/\/www.europesays.com\/pt\/wp-content\/uploads\/2025\/08\/378c62xwt8u80.png\" class=\"img-fluid\" alt=\"Plant\u00e3o de vacina\u00e7\u00e3o contra covid e gripe vai a shopping neste s\u00e1bado\" title=\"Plant\u00e3o de vacina\u00e7\u00e3o contra covid e gripe vai a shopping neste s\u00e1bado\" width=\"1024\" height=\"683\"   loading=\"lazy\"\/><\/a>Vacinadora aplica dose durante plant\u00e3o de imuniza\u00e7\u00e3o. (Foto: Arquivo\/Henrique Kawaminami)<\/p>\n<p>Prefeitura de Campo Grande, por meio da Sesau (Secretaria Municipal de Sa\u00fade) realiza neste s\u00e1bado (23) plant\u00e3o de vacina\u00e7\u00e3o no shopping Norte Sul Plaza, das 11h \u00e0s 17h. O \u00f3rg\u00e3o aplica vacinas contra a covid-19, gripe e imunizantes de rotina, com atendimento por ordem de chegada. A a\u00e7\u00e3o busca ampliar a cobertura vacinal e refor\u00e7ar a preven\u00e7\u00e3o contra doen\u00e7as sazonais.<\/p>\n<p>Campo Grande realiza plant\u00e3o de vacina\u00e7\u00e3o neste s\u00e1bado. A a\u00e7\u00e3o acontece no Shopping Norte Sul Plaza, das 11h \u00e0s 17h, e oferece vacinas contra Covid-19, gripe e imunizantes de rotina. O atendimento \u00e9 gratuito e aberto \u00e0 popula\u00e7\u00e3o a partir de seis meses, por ordem de chegada. \u00c9 necess\u00e1rio apresentar documento com foto, cart\u00e3o do SUS e caderneta de vacina\u00e7\u00e3o. A iniciativa visa ampliar a cobertura vacinal e proteger contra doen\u00e7as sazonais. Doses de refor\u00e7o contra novas variantes da Covid-19 s\u00e3o recomendadas, especialmente para grupos priorit\u00e1rios. A vacina\u00e7\u00e3o contra a gripe previne contra os v\u00edrus influenza A e B. O plant\u00e3o tamb\u00e9m disponibiliza vacinas do Calend\u00e1rio Nacional de Vacina\u00e7\u00e3o.<\/p>\n<p>O atendimento ocorrer\u00e1 no corredor da loja Casas Bahia e \u00e9 gratuito para toda a popula\u00e7\u00e3o a partir dos seis meses de idade. O cidad\u00e3o deve apresentar documento com foto, cart\u00e3o do SUS (Sistema \u00danico de Sa\u00fade) e carteira de vacina\u00e7\u00e3o.<\/p>\n<p>O Minist\u00e9rio da Sa\u00fade recomenda doses de refor\u00e7o anuais contra variantes recentes da covid-19, como a XBB da \u00f4micron.<\/p>\n<p>A prioridade inclui idosos, gestantes, profissionais de sa\u00fade e pessoas com comorbidades ou imunodefici\u00eancias.<\/p>\n<p>A Sesau explica que a vacina\u00e7\u00e3o contra a gripe protege contra os v\u00edrus influenza A e B, que circulam especialmente nos meses mais frios. A doen\u00e7a pode causar complica\u00e7\u00f5es graves, como pneumonia, em crian\u00e7as pequenas, idosos e pessoas com doen\u00e7as cr\u00f4nicas.<\/p>\n<p>O plant\u00e3o tamb\u00e9m oferece vacinas do CNV (Calend\u00e1rio Nacional de Vacina\u00e7\u00e3o), incluindo Tr\u00edplice Viral (sarampo, caxumba e rub\u00e9ola), Hepatite B, DTP (difteria, t\u00e9tano e coqueluche), Febre Amarela, HPV, Poliomielite e Meningoc\u00f3cica C.<\/p>\n<p>Al\u00e9m desses plant\u00f5es, a vacina segue dispon\u00edvel nas unidades b\u00e1sicas de sa\u00fade e de sa\u00fade da fam\u00edlia, conforme o hor\u00e1rio de funcionamento habitual. <a href=\"https:\/\/www.campogrande.ms.gov.br\/o-que-voce-precisa-saber-sobre-a-vacina-da-gripe\/\" rel=\"noopener noreferrer nofollow\" target=\"_blank\">Veja aqui<\/a> a lista completa.<\/p>\n<p><strong>Receba as principais not\u00edcias do Estado pelo celular<\/strong>. <a href=\"https:\/\/keepo.io\/campograndenews\/\" rel=\"noopener noreferrer nofollow\" target=\"_blank\">Baixe aqui o aplicativo do Campo Grande News<\/a> <strong>e siga nas redes sociais:<\/strong> <a href=\"https:\/\/www.facebook.com\/cgrnews\" rel=\"noopener noreferrer nofollow\" target=\"_blank\">Facebook<\/a>, <a href=\"https:\/\/www.instagram.com\/campograndenews\" rel=\"noopener noreferrer nofollow\" target=\"_blank\">Instagram<\/a>, <a href=\"https:\/\/www.tiktok.com\/@campograndenews\" rel=\"noopener noreferrer nofollow\" target=\"_blank\">TikTok<\/a> <strong>e<\/strong> <a href=\"https:\/\/whatsapp.com\/channel\/0029Va6UwSHHltY8c4OtUb0j\" rel=\"noopener noreferrer nofollow\" target=\"_blank\">WhatsApp<\/a>.<\/p>\n<p><script async src=\"\/\/www.instagram.com\/embed.js\"><\/script><script async src=\"\/\/www.tiktok.com\/embed.js\"><\/script><\/p>\n","protected":false},"excerpt":{"rendered":"Norte Sul Plaza recebe imunizantes das 11h \u00e0s 17h com atendimento por ordem de chegada Vacinadora aplica dose&hellip;\n","protected":false},"author":2,"featured_media":41070,"comment_status":"","ping_status":"","sticky":false,"template":"","format":"standard","meta":{"footnotes":""},"categories":[86],"tags":[12490,3946,2641,1418,116,12491,5254,32,3046,33,12488,12021,1668,4066,117,3957,3956,12489,1669],"class_list":{"0":"post-41069","1":"post","2":"type-post","3":"status-publish","4":"format-standard","5":"has-post-thumbnail","7":"category-saude","8":"tag-rgo-aplica-vacinas","9":"tag-campo","10":"tag-covid-19","11":"tag-gripe","12":"tag-health","13":"tag-imunizantes","14":"tag-planto","15":"tag-portugal","16":"tag-prefeitura","17":"tag-pt","18":"tag-realiza","19":"tag-rotina","20":"tag-sbado","21":"tag-sade","22":"tag-saude","23":"tag-secretaria-municipal","24":"tag-sesau","25":"tag-shopping-norte-sul-plaza","26":"tag-vacinao"},"share_on_mastodon":{"url":"","error":""},"_links":{"self":[{"href":"https:\/\/www.europesays.com\/pt\/wp-json\/wp\/v2\/posts\/41069","targetHints":{"allow":["GET"]}}],"collection":[{"href":"https:\/\/www.europesays.com\/pt\/wp-json\/wp\/v2\/posts"}],"about":[{"href":"https:\/\/www.europesays.com\/pt\/wp-json\/wp\/v2\/types\/post"}],"author":[{"embeddable":true,"href":"https:\/\/www.europesays.com\/pt\/wp-json\/wp\/v2\/users\/2"}],"replies":[{"embeddable":true,"href":"https:\/\/www.europesays.com\/pt\/wp-json\/wp\/v2\/comments?post=41069"}],"version-history":[{"count":0,"href":"https:\/\/www.europesays.com\/pt\/wp-json\/wp\/v2\/posts\/41069\/revisions"}],"wp:featuredmedia":[{"embeddable":true,"href":"https:\/\/www.europesays.com\/pt\/wp-json\/wp\/v2\/media\/41070"}],"wp:attachment":[{"href":"https:\/\/www.europesays.com\/pt\/wp-json\/wp\/v2\/media?parent=41069"}],"wp:term":[{"taxonomy":"category","embeddable":true,"href":"https:\/\/www.europesays.com\/pt\/wp-json\/wp\/v2\/categories?post=41069"},{"taxonomy":"post_tag","embeddable":true,"href":"https:\/\/www.europesays.com\/pt\/wp-json\/wp\/v2\/tags?post=41069"}],"curies":[{"name":"wp","href":"https:\/\/api.w.org\/{rel}","templated":true}]}}