{"id":41071,"date":"2025-08-23T02:36:23","date_gmt":"2025-08-23T02:36:23","guid":{"rendered":"https:\/\/www.europesays.com\/pt\/41071\/"},"modified":"2025-08-23T02:36:23","modified_gmt":"2025-08-23T02:36:23","slug":"vem-ai-a-protegida-monica-confessa-ataque-a-mariana-e-deixa-jd-em-choque-novelas","status":"publish","type":"post","link":"https:\/\/www.europesays.com\/pt\/41071\/","title":{"rendered":"Vem a\u00ed \u00abA Protegida\u00bb: M\u00f3nica confessa ataque a Mariana e deixa JD em choque &#8211; Novelas"},"content":{"rendered":"<p><a href=\"https:\/\/tvi.iol.pt\/novelas\/videos\/clarice-emociona-se-ao-saber-que-e-avo-e-monica-chora\/68a5eb840cf216cd3ad3a1c1\" target=\"_blank\" rel=\"nofollow noopener\">M\u00f3nica (Catarina Nifo)\u00a0<\/a>acusa<a href=\"https:\/\/tvi.iol.pt\/novelas\/videos\/a-protegida-jd-declara-se-a-mariana-e-promete-nunca-magoar-carlota\/68a744030cf216cd3ad3a278\" rel=\"nofollow noopener\" target=\"_blank\"> Mariana (Matilde Reym\u00e3o) <\/a>de n\u00e3o ser melhor do que ela e de estar a fazer <a href=\"https:\/\/tvi.iol.pt\/novelas\/videos\/a-protegida-jd-declara-se-a-mariana-e-promete-nunca-magoar-carlota\/68a744030cf216cd3ad3a278\" rel=\"nofollow noopener\" target=\"_blank\">JD (Pedro Sousa)<\/a> sofrer mais do que alguma vez M\u00f3nica fez. M\u00f3nica confessa que foi ela que a atacou em casa e que JD sempre a protegeu. Mariana fica abismada com aquela confiss\u00e3o.<\/p>\n<p><a href=\"https:\/\/tvi.iol.pt\/novelas\/videos\/nuno-acusa-gina-de-roubo-de-bebe-apos-telefonema-da-seguranca-social\/68a4a1420cf216cd3ad3a105\" rel=\"nofollow noopener\" target=\"_blank\">Nuno (Tiago Teot\u00f3nio Pereira)<\/a> entra no balne\u00e1rio e encontra Isabel (Sara Barradas) a sair de uma cabine de duche. Isabel finge que se enganou, mas aproxima-se de Nuno e sugere tomarem banho juntos. Nuno diz-lhe que o que aconteceu foi um erro e n\u00e3o pode voltar a acontecer. Gina (Paula Neves) chama Nuno e ele fica aflito. <\/p>\n<p><strong>Relembre-se que Nuno acusou Gina de roubar a beb\u00e9 de Mariana:\u00a0<\/strong><\/p>\n","protected":false},"excerpt":{"rendered":"M\u00f3nica (Catarina Nifo)\u00a0acusa Mariana (Matilde Reym\u00e3o) de n\u00e3o ser melhor do que ela e de estar a fazer&hellip;\n","protected":false},"author":2,"featured_media":41072,"comment_status":"","ping_status":"","sticky":false,"template":"","format":"standard","meta":{"footnotes":""},"categories":[142],"tags":[160,10915,166,114,115,157,167,164,881,161,158,3119,165,159,32,33,156,163,151,162],"class_list":{"0":"post-41071","1":"post","2":"type-post","3":"status-publish","4":"format-standard","5":"has-post-thumbnail","7":"category-tv","8":"tag-ana-guiomar","9":"tag-catarina-nifo","10":"tag-cristina-ferreira","11":"tag-entertainment","12":"tag-entretenimento","13":"tag-festa-e-festa","14":"tag-ficcao","15":"tag-jose-fidalgo","16":"tag-matilde-reymao","17":"tag-novelas","18":"tag-para-sempre","19":"tag-paula-neves","20":"tag-pedro-sousa","21":"tag-pedro-teixeira","22":"tag-portugal","23":"tag-pt","24":"tag-queridos-papas","25":"tag-tiago-teotonio-pereira","26":"tag-tv","27":"tag-tvi"},"share_on_mastodon":{"url":"","error":""},"_links":{"self":[{"href":"https:\/\/www.europesays.com\/pt\/wp-json\/wp\/v2\/posts\/41071","targetHints":{"allow":["GET"]}}],"collection":[{"href":"https:\/\/www.europesays.com\/pt\/wp-json\/wp\/v2\/posts"}],"about":[{"href":"https:\/\/www.europesays.com\/pt\/wp-json\/wp\/v2\/types\/post"}],"author":[{"embeddable":true,"href":"https:\/\/www.europesays.com\/pt\/wp-json\/wp\/v2\/users\/2"}],"replies":[{"embeddable":true,"href":"https:\/\/www.europesays.com\/pt\/wp-json\/wp\/v2\/comments?post=41071"}],"version-history":[{"count":0,"href":"https:\/\/www.europesays.com\/pt\/wp-json\/wp\/v2\/posts\/41071\/revisions"}],"wp:featuredmedia":[{"embeddable":true,"href":"https:\/\/www.europesays.com\/pt\/wp-json\/wp\/v2\/media\/41072"}],"wp:attachment":[{"href":"https:\/\/www.europesays.com\/pt\/wp-json\/wp\/v2\/media?parent=41071"}],"wp:term":[{"taxonomy":"category","embeddable":true,"href":"https:\/\/www.europesays.com\/pt\/wp-json\/wp\/v2\/categories?post=41071"},{"taxonomy":"post_tag","embeddable":true,"href":"https:\/\/www.europesays.com\/pt\/wp-json\/wp\/v2\/tags?post=41071"}],"curies":[{"name":"wp","href":"https:\/\/api.w.org\/{rel}","templated":true}]}}