{"id":41073,"date":"2025-08-23T02:39:07","date_gmt":"2025-08-23T02:39:07","guid":{"rendered":"https:\/\/www.europesays.com\/pt\/41073\/"},"modified":"2025-08-23T02:39:07","modified_gmt":"2025-08-23T02:39:07","slug":"renato-sanches-em-atenas-para-reforcar-panathinaikos-muito-feliz","status":"publish","type":"post","link":"https:\/\/www.europesays.com\/pt\/41073\/","title":{"rendered":"Renato Sanches em Atenas para refor\u00e7ar Panathinaikos: \u00abMuito feliz\u00bb"},"content":{"rendered":"<p>Renato Sanches chegou a Atenas nesta sexta-feira para concluir a sua transfer\u00eancia para o Panathinaikos, da Gr\u00e9cia. O m\u00e9dio internacional portugu\u00eas de 28 anos chega por empr\u00e9stimo do PSG, ap\u00f3s esse interesse dos gregos <strong><a href=\"https:\/\/maisfutebol.iol.pt\/benfica\/mercado\/panathinaikos-e-trabzonspor-interessados-em-renato-sanches\" rel=\"nofollow noopener\" target=\"_blank\">ter sido avan\u00e7ado pelo Maisfutebol.<\/a><\/strong><\/p>\n<p>O m\u00e9dio portugu\u00eas ir\u00e1 realizar os exames m\u00e9dicos necess\u00e1rios amanh\u00e3.\u00a0Nas suas primeiras declara\u00e7\u00f5es, destacou a import\u00e2ncia de jogar num grande clube como o Panathinaikos e salientou o papel desempenhado por Rui Vit\u00f3ria.<\/p>\n<p>\u00abBoa noite a todos. Estou muito feliz por estar aqui. H\u00e1 muitas raz\u00f5es pelas quais vim, sei que o Panathinaikos \u00e9 uma grande equipa\u00bb, come\u00e7ou por dizer aos meios locais.<\/p>\n<p><strong>AO MINUTO:\u00a0<a href=\"https:\/\/maisfutebol.iol.pt\/cronologia\/6373897a0cf2254fb2824fe4\" target=\"_blank\" wbo-id=\"179\" rel=\"nofollow noopener\">tudo o que se passa no mercado de transfer\u00eancias<\/a><\/strong><\/p>\n<p>\u00abO treinador do Panathinaikos foi o meu primeiro treinador, por isso estou muito feliz. O Panathinaikos \u00e9 uma equipa muito grande. Eu queria vir para c\u00e1 para ajud\u00e1-los a ganhar t\u00edtulos. Espero poder ajudar para que possamos comemorar\u00bb, concluiu.<\/p>\n<p>Recorde-se que, na temporada passada, Renato Sanches regressou ao Benfica num empr\u00e9stimo de um ano. Teve v\u00e1rias les\u00f5es e participou em apenas 21 jogos, marcando um golo. Tem contrato com o PSG at\u00e9 2027.<\/p>\n","protected":false},"excerpt":{"rendered":"Renato Sanches chegou a Atenas nesta sexta-feira para concluir a sua transfer\u00eancia para o Panathinaikos, da Gr\u00e9cia. O&hellip;\n","protected":false},"author":2,"featured_media":41074,"comment_status":"","ping_status":"","sticky":false,"template":"","format":"standard","meta":{"footnotes":""},"categories":[87],"tags":[135,4234,46,42,1488,32,33,47,1768,11934,134,35],"class_list":{"0":"post-41073","1":"post","2":"type-post","3":"status-publish","4":"format-standard","5":"has-post-thumbnail","7":"category-desporto","8":"tag-desporto","9":"tag-grecia","10":"tag-maisfutebol","11":"tag-mercado","12":"tag-panathinaikos","13":"tag-portugal","14":"tag-pt","15":"tag-pura-paixao","16":"tag-renato-sanches","17":"tag-rui-vitoria","18":"tag-sports","19":"tag-transferencias"},"share_on_mastodon":{"url":"","error":""},"_links":{"self":[{"href":"https:\/\/www.europesays.com\/pt\/wp-json\/wp\/v2\/posts\/41073","targetHints":{"allow":["GET"]}}],"collection":[{"href":"https:\/\/www.europesays.com\/pt\/wp-json\/wp\/v2\/posts"}],"about":[{"href":"https:\/\/www.europesays.com\/pt\/wp-json\/wp\/v2\/types\/post"}],"author":[{"embeddable":true,"href":"https:\/\/www.europesays.com\/pt\/wp-json\/wp\/v2\/users\/2"}],"replies":[{"embeddable":true,"href":"https:\/\/www.europesays.com\/pt\/wp-json\/wp\/v2\/comments?post=41073"}],"version-history":[{"count":0,"href":"https:\/\/www.europesays.com\/pt\/wp-json\/wp\/v2\/posts\/41073\/revisions"}],"wp:featuredmedia":[{"embeddable":true,"href":"https:\/\/www.europesays.com\/pt\/wp-json\/wp\/v2\/media\/41074"}],"wp:attachment":[{"href":"https:\/\/www.europesays.com\/pt\/wp-json\/wp\/v2\/media?parent=41073"}],"wp:term":[{"taxonomy":"category","embeddable":true,"href":"https:\/\/www.europesays.com\/pt\/wp-json\/wp\/v2\/categories?post=41073"},{"taxonomy":"post_tag","embeddable":true,"href":"https:\/\/www.europesays.com\/pt\/wp-json\/wp\/v2\/tags?post=41073"}],"curies":[{"name":"wp","href":"https:\/\/api.w.org\/{rel}","templated":true}]}}