{"id":41077,"date":"2025-08-23T02:46:16","date_gmt":"2025-08-23T02:46:16","guid":{"rendered":"https:\/\/www.europesays.com\/pt\/41077\/"},"modified":"2025-08-23T02:46:16","modified_gmt":"2025-08-23T02:46:16","slug":"avistado-um-tornado-de-fogo-na-covilha-nit","status":"publish","type":"post","link":"https:\/\/www.europesays.com\/pt\/41077\/","title":{"rendered":"avistado um tornado de fogo na Covilh\u00e3 \u2014 NiT"},"content":{"rendered":"<p>Um tornado de fogo foi registado na noite de quinta-feira, 21 de agosto, durante o inc\u00eandio que deflagrou em Unhais da Serra, na Covilh\u00e3, distrito de Castelo Branco. O fen\u00f3meno, identificado pelos bombeiros no local, j\u00e1 tinha ocorrido em Alvite (Moimenta da Beira) e em Aguiar da Beira (Guarda) nas \u00faltimas duas semanas.<\/p>\n<p>Os tornados de fogo formam-se quando um inc\u00eandio e as condi\u00e7\u00f5es atmosf\u00e9ricas criam um remoinho de ar capaz de sugar as chamas e o calor para o seu interior. O processo inicia-se com o calor extremo do fogo, que aquece o ar envolvente e o faz subir rapidamente, originando fortes correntes verticais.<\/p>\n<p>Quando existem mudan\u00e7as na dire\u00e7\u00e3o ou intensidade do vento, ou obst\u00e1culos como colinas, \u00e1rvores e edif\u00edcios, o fluxo de ar pode entrar em rota\u00e7\u00e3o. Esta rota\u00e7\u00e3o concentra-se numa coluna ascendente que, durante algum tempo, se mant\u00e9m est\u00e1vel, alimentando-se de oxig\u00e9nio e calor.<\/p>\n<p>O inc\u00eandio que atingiu Unhais da Serra come\u00e7ou a 13 de agosto, em Arganil, no distrito de Coimbra, e j\u00e1 se alastrou aos concelhos de Castelo Branco, Fund\u00e3o e Covilh\u00e3.<\/p>\n<p>Na vila, mais de 90 por cento da floresta ter\u00e1 ardido, de acordo com o presidente da junta de freguesia, Jos\u00e9 Guerreiro, em declara\u00e7\u00f5es \u00e0 \u201cSIC Not\u00edcias.\u201d \u201cN\u00e3o sei quando vai ser poss\u00edvel recuperar\u201d, admitiu.<\/p>\n<blockquote class=\"instagram-media\" style=\"background: #FFF; border: 0; border-radius: 3px; box-shadow: 0 0 1px 0 rgba(0,0,0,0.5),0 1px 10px 0 rgba(0,0,0,0.15); margin: 1px; max-width: 540px; min-width: 326px; padding: 0; width: calc(100% - 2px);\" data-instgrm-captioned=\"\" data-instgrm-permalink=\"https:\/\/www.instagram.com\/reel\/DNonHu7ChKf\/?utm_source=ig_embed&amp;utm_campaign=loading\" data-instgrm-version=\"14\">\n<\/blockquote>\n<p>\t\t\t\t<script async src=\"\/\/www.instagram.com\/embed.js\"><\/script><\/p>\n","protected":false},"excerpt":{"rendered":"Um tornado de fogo foi registado na noite de quinta-feira, 21 de agosto, durante o inc\u00eandio que deflagrou&hellip;\n","protected":false},"author":2,"featured_media":41078,"comment_status":"","ping_status":"","sticky":false,"template":"","format":"standard","meta":{"footnotes":""},"categories":[8],"tags":[27,28,15,16,14,25,26,21,22,12,13,19,20,32,23,24,33,17,18,29,30,31],"class_list":{"0":"post-41077","1":"post","2":"type-post","3":"status-publish","4":"format-standard","5":"has-post-thumbnail","7":"category-principais-noticias","8":"tag-breaking-news","9":"tag-breakingnews","10":"tag-featured-news","11":"tag-featurednews","12":"tag-headlines","13":"tag-latest-news","14":"tag-latestnews","15":"tag-main-news","16":"tag-mainnews","17":"tag-news","18":"tag-noticias","19":"tag-noticias-principais","20":"tag-noticiasprincipais","21":"tag-portugal","22":"tag-principais-noticias","23":"tag-principaisnoticias","24":"tag-pt","25":"tag-top-stories","26":"tag-topstories","27":"tag-ultimas","28":"tag-ultimas-noticias","29":"tag-ultimasnoticias"},"share_on_mastodon":{"url":"","error":""},"_links":{"self":[{"href":"https:\/\/www.europesays.com\/pt\/wp-json\/wp\/v2\/posts\/41077","targetHints":{"allow":["GET"]}}],"collection":[{"href":"https:\/\/www.europesays.com\/pt\/wp-json\/wp\/v2\/posts"}],"about":[{"href":"https:\/\/www.europesays.com\/pt\/wp-json\/wp\/v2\/types\/post"}],"author":[{"embeddable":true,"href":"https:\/\/www.europesays.com\/pt\/wp-json\/wp\/v2\/users\/2"}],"replies":[{"embeddable":true,"href":"https:\/\/www.europesays.com\/pt\/wp-json\/wp\/v2\/comments?post=41077"}],"version-history":[{"count":0,"href":"https:\/\/www.europesays.com\/pt\/wp-json\/wp\/v2\/posts\/41077\/revisions"}],"wp:featuredmedia":[{"embeddable":true,"href":"https:\/\/www.europesays.com\/pt\/wp-json\/wp\/v2\/media\/41078"}],"wp:attachment":[{"href":"https:\/\/www.europesays.com\/pt\/wp-json\/wp\/v2\/media?parent=41077"}],"wp:term":[{"taxonomy":"category","embeddable":true,"href":"https:\/\/www.europesays.com\/pt\/wp-json\/wp\/v2\/categories?post=41077"},{"taxonomy":"post_tag","embeddable":true,"href":"https:\/\/www.europesays.com\/pt\/wp-json\/wp\/v2\/tags?post=41077"}],"curies":[{"name":"wp","href":"https:\/\/api.w.org\/{rel}","templated":true}]}}