{"id":41079,"date":"2025-08-23T02:47:09","date_gmt":"2025-08-23T02:47:09","guid":{"rendered":"https:\/\/www.europesays.com\/pt\/41079\/"},"modified":"2025-08-23T02:47:09","modified_gmt":"2025-08-23T02:47:09","slug":"paulo-maluf-corta-cabelo-com-jassa-e-aparece-com-novo-visual","status":"publish","type":"post","link":"https:\/\/www.europesays.com\/pt\/41079\/","title":{"rendered":"Paulo Maluf corta cabelo com Jassa e aparece com novo visual"},"content":{"rendered":"<p>Registro do ex-governador e ex-prefeito de S\u00e3o Paulo, de 93 anos, foi compartilhado nas redes sociais por cabeleireiro que ficou conhecido por atender Silvio Santos<\/p>\n<p>O ex-governador e ex-prefeito de S\u00e3o Paulo, <a href=\"https:\/\/monitor.poder360.com.br\/politicos-do-brasil\/1204800\/PAULO-MALUF?ano=2014\" target=\"_blank\" rel=\"noopener nofollow\">Paulo Maluf<\/a>, 93 anos, apareceu nas redes sociais nesta 6\u00aa feira (22.ago.2025) com um novo visual depois de corte de cabelo feito pelo cabeleireiro <a href=\"https:\/\/www.instagram.com\/jassajj\/\" target=\"_blank\" rel=\"noopener nofollow\">Jassa Santos<\/a>.<\/p>\n<p>O registro foi <a href=\"https:\/\/www.instagram.com\/p\/DNqTxDtNyCe\/\" target=\"_blank\" rel=\"noopener nofollow\">compartilhado<\/a> por Jassa em seu <a href=\"https:\/\/www.instagram.com\/jassajj\/\" target=\"_blank\" rel=\"noopener nofollow\">perfil<\/a> no Instagram, que tem 150 mil seguidores. O profissional \u00e9 conhecido por ter sido o cabeleireiro do apresentador de TV Silvio Santos (1930-2024) por mais de 40 anos.<\/p>\n<p>A publica\u00e7\u00e3o soma 379 curtidas e recebeu dezenas de coment\u00e1rios. \u201cS\u00e3o Paulo \u00e9 Paulo porque Paulo \u00e9 trabalhador. S\u00e3o Paulo \u00e9 Paulo \u00e9 Maluf, sim, senhor\u201d, comentou um usu\u00e1rio, em refer\u00eancia ao jingle do pol\u00edtico. A m\u00fasica foi usada na campanha ao governo do Estado em 1990.<\/p>\n<p><strong>Veja abaixo a foto:<\/strong><\/p>\n<p><img loading=\"lazy\" decoding=\"async\" width=\"990\" height=\"758\" class=\"alignnone size-full wp-image-2150856\" src=\"https:\/\/www.europesays.com\/pt\/wp-content\/uploads\/2025\/08\/corte-cabelo-paulo-maluf-bordas-22ago24.png\" alt=\"\"  \/><\/p>\n<p>\t\t\t\t\t\t\t<script async src=\"\/\/www.instagram.com\/embed.js\"><\/script><\/p>\n","protected":false},"excerpt":{"rendered":"Registro do ex-governador e ex-prefeito de S\u00e3o Paulo, de 93 anos, foi compartilhado nas redes sociais por cabeleireiro&hellip;\n","protected":false},"author":2,"featured_media":41080,"comment_status":"","ping_status":"","sticky":false,"template":"","format":"standard","meta":{"footnotes":""},"categories":[145],"tags":[211,210,114,115,32,33],"class_list":{"0":"post-41079","1":"post","2":"type-post","3":"status-publish","4":"format-standard","5":"has-post-thumbnail","7":"category-celebridades","8":"tag-celebridades","9":"tag-celebrities","10":"tag-entertainment","11":"tag-entretenimento","12":"tag-portugal","13":"tag-pt"},"share_on_mastodon":{"url":"","error":""},"_links":{"self":[{"href":"https:\/\/www.europesays.com\/pt\/wp-json\/wp\/v2\/posts\/41079","targetHints":{"allow":["GET"]}}],"collection":[{"href":"https:\/\/www.europesays.com\/pt\/wp-json\/wp\/v2\/posts"}],"about":[{"href":"https:\/\/www.europesays.com\/pt\/wp-json\/wp\/v2\/types\/post"}],"author":[{"embeddable":true,"href":"https:\/\/www.europesays.com\/pt\/wp-json\/wp\/v2\/users\/2"}],"replies":[{"embeddable":true,"href":"https:\/\/www.europesays.com\/pt\/wp-json\/wp\/v2\/comments?post=41079"}],"version-history":[{"count":0,"href":"https:\/\/www.europesays.com\/pt\/wp-json\/wp\/v2\/posts\/41079\/revisions"}],"wp:featuredmedia":[{"embeddable":true,"href":"https:\/\/www.europesays.com\/pt\/wp-json\/wp\/v2\/media\/41080"}],"wp:attachment":[{"href":"https:\/\/www.europesays.com\/pt\/wp-json\/wp\/v2\/media?parent=41079"}],"wp:term":[{"taxonomy":"category","embeddable":true,"href":"https:\/\/www.europesays.com\/pt\/wp-json\/wp\/v2\/categories?post=41079"},{"taxonomy":"post_tag","embeddable":true,"href":"https:\/\/www.europesays.com\/pt\/wp-json\/wp\/v2\/tags?post=41079"}],"curies":[{"name":"wp","href":"https:\/\/api.w.org\/{rel}","templated":true}]}}