{"id":41083,"date":"2025-08-23T02:53:08","date_gmt":"2025-08-23T02:53:08","guid":{"rendered":"https:\/\/www.europesays.com\/pt\/41083\/"},"modified":"2025-08-23T02:53:08","modified_gmt":"2025-08-23T02:53:08","slug":"treinador-do-rennes-deixa-aviso-ao-sporting-em-relacao-a-harder-nao-estamos-desesperados-i-liga","status":"publish","type":"post","link":"https:\/\/www.europesays.com\/pt\/41083\/","title":{"rendered":"Treinador do Rennes deixa aviso ao Sporting em rela\u00e7\u00e3o a Harder: &#8220;N\u00e3o estamos desesperados\u2026&#8221; &#8211; I Liga"},"content":{"rendered":"<p>O <strong>Rennes<\/strong> ir\u00e1 medir for\u00e7as com o Lorient, em partida da segunda jornada da liga francesa. Na antevis\u00e3o do duelo, o t\u00e9cnico Habib Beye foi convidado a comentar a possibilidade do clube poder contratar <a href=\"https:\/\/sportinforma.sapo.pt\/tag\/transferencias\" target=\"_blank\" rel=\"noopener noreferrer nofollow\"><strong>Harder<\/strong><\/a>, que poder\u00e1 estar de sa\u00edda do <strong>Sporting<\/strong>.<\/p>\n<p>&#8220;N\u00e3o estamos desesperados a ponto de contratar todos os avan\u00e7ados do planeta. Queremos mais um avan\u00e7ado, estamos no mercado e estamos a avan\u00e7ar com os nossos processos, mas se amanh\u00e3 esse avan\u00e7ado for muito caro ou inacess\u00edvel, n\u00e3o faremos nada, n\u00e3o vamos pagar um pre\u00e7o que n\u00e3o seja justo e, se tivermos de ficar como estamos, estou muito feliz com o meu plantel neste momento e continuaremos assim, porque \u00e9 competitivo&#8221;, atirou o t\u00e9cnico sublinhando que o clube n\u00e3o est\u00e1 desesperado para contratar um atacante.<\/p>\n<p>&#8220;Tenho demasiado respeito pelos jogadores que tenho \u00e0 disposi\u00e7\u00e3o para considerar que estamos desesperados por contratar um avan\u00e7ado. Se conseguirmos o avan\u00e7ado pelo pre\u00e7o certo, ele vir\u00e1 para refor\u00e7ar esta equipa e estamos muito tranquilos.&#8221;<\/p>\n<p>Os le\u00f5es exigem cerca de 20 milh\u00f5es de euros pelo dianteiro e j\u00e1 ter\u00e3o inclusivamente rejeitado duas propostas do Rennes.<\/p>\n","protected":false},"excerpt":{"rendered":"O Rennes ir\u00e1 medir for\u00e7as com o Lorient, em partida da segunda jornada da liga francesa. Na antevis\u00e3o&hellip;\n","protected":false},"author":2,"featured_media":41084,"comment_status":"","ping_status":"","sticky":false,"template":"","format":"standard","meta":{"footnotes":""},"categories":[87],"tags":[135,32,33,134],"class_list":{"0":"post-41083","1":"post","2":"type-post","3":"status-publish","4":"format-standard","5":"has-post-thumbnail","7":"category-desporto","8":"tag-desporto","9":"tag-portugal","10":"tag-pt","11":"tag-sports"},"share_on_mastodon":{"url":"","error":""},"_links":{"self":[{"href":"https:\/\/www.europesays.com\/pt\/wp-json\/wp\/v2\/posts\/41083","targetHints":{"allow":["GET"]}}],"collection":[{"href":"https:\/\/www.europesays.com\/pt\/wp-json\/wp\/v2\/posts"}],"about":[{"href":"https:\/\/www.europesays.com\/pt\/wp-json\/wp\/v2\/types\/post"}],"author":[{"embeddable":true,"href":"https:\/\/www.europesays.com\/pt\/wp-json\/wp\/v2\/users\/2"}],"replies":[{"embeddable":true,"href":"https:\/\/www.europesays.com\/pt\/wp-json\/wp\/v2\/comments?post=41083"}],"version-history":[{"count":0,"href":"https:\/\/www.europesays.com\/pt\/wp-json\/wp\/v2\/posts\/41083\/revisions"}],"wp:featuredmedia":[{"embeddable":true,"href":"https:\/\/www.europesays.com\/pt\/wp-json\/wp\/v2\/media\/41084"}],"wp:attachment":[{"href":"https:\/\/www.europesays.com\/pt\/wp-json\/wp\/v2\/media?parent=41083"}],"wp:term":[{"taxonomy":"category","embeddable":true,"href":"https:\/\/www.europesays.com\/pt\/wp-json\/wp\/v2\/categories?post=41083"},{"taxonomy":"post_tag","embeddable":true,"href":"https:\/\/www.europesays.com\/pt\/wp-json\/wp\/v2\/tags?post=41083"}],"curies":[{"name":"wp","href":"https:\/\/api.w.org\/{rel}","templated":true}]}}