{"id":41091,"date":"2025-08-23T03:04:18","date_gmt":"2025-08-23T03:04:18","guid":{"rendered":"https:\/\/www.europesays.com\/pt\/41091\/"},"modified":"2025-08-23T03:04:18","modified_gmt":"2025-08-23T03:04:18","slug":"dona-de-mim-deco-aparece-na-mansao-atras-de-nina-atende-esse-telefone","status":"publish","type":"post","link":"https:\/\/www.europesays.com\/pt\/41091\/","title":{"rendered":"Dona de Mim: Deco aparece na mans\u00e3o atr\u00e1s de Nina: &#8220;Atende esse telefone&#8221;"},"content":{"rendered":"<p>Nos pr\u00f3ximos cap\u00edtulos de Dona de Mim, Deco (Jos\u00e9 Maria Brion) aparece de surpresa na mans\u00e3o dos Boaz a procura de Nina (Flora Camolese), mas ser\u00e1 impedido de entrar. O portugu\u00eas atr\u00e1s da droga que escondeu na m\u00e1quina de tatuagem que a garota roubou.<\/p>\n<p><a href=\"https:\/\/natelinha.uol.com.br\/novelas\/2025\/07\/04\/dona-de-mim-nina-flagra-jaques-abusando-de-filipa-e-avanca-doente-228161.php\" rel=\"nofollow noopener\" target=\"_blank\">Logo ap\u00f3s o casamento de Filipa<\/a> (Cl\u00e1udia Abreu) com Abel (Tony Ramos), a menina se mudou para Portugal com a av\u00f3 materna, passando anos na Europa sem saber da m\u00e3e.<\/p>\n<p>H\u00e1 poucos meses, <a href=\"https:\/\/natelinha.uol.com.br\/novelas\/dona-de-mim\/personagem\/nina\" rel=\"nofollow noopener\" target=\"_blank\">Nina<\/a> voltou para o Brasil sem avisar, indo morar na mans\u00e3o do padrasto. De poucas palavras, a rebelde n\u00e3o contou sobre o relacionamento com Deco, muito menos do perigo que corria ao lado dele.<\/p>\n<p>continua depois da publicidade<\/p>\n<p>O malandro \u00e9 traficante e est\u00e1 cobrando a droga que estava na m\u00e1quina de tatuagem que a ex-namorada lhe roubou. Perseguida e amea\u00e7ada pelo bandido, <a href=\"https:\/\/natelinha.uol.com.br\/novelas\/2025\/08\/06\/dona-de-mim-nina-critica-emprego-da-mae-e-danilo-a-defende-trabalho-e-trabalho-229482.php\" rel=\"nofollow noopener\" target=\"_blank\">a garota vai desabar com <\/a><a href=\"https:\/\/natelinha.uol.com.br\/novelas\/dona-de-mim\/personagem\/danilo\" rel=\"nofollow noopener\" target=\"_blank\">Danilo<\/a> (Felipe Simas), com quem tem um flerte. Saiba mais!<\/p>\n<p>Em Dona de Mim, Nina fala sobre Deco com Danilo<\/p>\n<p><img decoding=\"async\" loading=\"lazy\" class=\"horizontal\" src=\"https:\/\/www.europesays.com\/pt\/wp-content\/uploads\/2025\/08\/tv-globo-dona-de-mim-nina-desabafa-com-danilo_4268.jpeg\" width=\"1280\" height=\"719\" alt=\"Dona de Mim: Deco aparece na mans\u00e3o atr\u00e1s de Nina: \\\" atende=\"\" esse=\"\" telefone=\"\"\/><\/p>\n<p>Nos pr\u00f3ximos cap\u00edtulos de <a href=\"https:\/\/natelinha.uol.com.br\/novelas\/dona-de-mim\" rel=\"nofollow noopener\" target=\"_blank\">Dona de Mim<\/a>, Deco vem para o Brasil e bate na mans\u00e3o dos Boaz atr\u00e1s de Nina. Despachado pelos seguran\u00e7as, o bandido vai mandar uma mensagem para a ex-namorada lhe amea\u00e7ando.<\/p>\n<p>Quando vivia em Portugal, a filha de Filipa tinha um relacionamento com o traficante, e fugiu da Europa trazendo a m\u00e1quina de tatuagem do bandido. Dentro dela, havia uns comprimidos alucin\u00f3genos.<\/p>\n<p>continua depois da publicidade<\/p>\n<p><a href=\"https:\/\/natelinha.uol.com.br\/novelas\/2025\/07\/10\/dona-de-mim-traficante-vem-ao-brasil-cobrar-divida-de-nina-228377.php\" rel=\"nofollow noopener\" target=\"_blank\">+\u00a0Dona de Mim: Traficante vem ao Brasil cobrar d\u00edvida de Nina<\/a><\/p>\n<p>Deco at\u00e9 ligou algumas vezes para Nina lhe cobrando uma d\u00edvida, Na ocasi\u00e3o, ela disse que havia perdido a droga e pediu para ele lhe deixar em paz, mas o malandro n\u00e3o vai ficar no preju\u00edzo.<\/p>\n<p>O traficante chega ao Brasil e bate na porta da mans\u00e3o dos Boaz querendo falar com Nina. Depois de ser contido pelo seguran\u00e7a, o rapaz ainda intercepta o carro de Jaques (Marcello Novaes) e Filipa.<\/p>\n<p>A atriz concorda em falar com o malandro: &#8220;Eu conhe\u00e7o a Nina. Voc\u00ea \u00e9 a m\u00e3e dela? A sua m\u00e3e me deu esse endere\u00e7o e disse que ela estaria aqui com voc\u00ea. Eu sou o namorado dela\u201d, se apresenta.<\/p>\n<p>continua depois da publicidade<\/p>\n<p><a href=\"https:\/\/natelinha.uol.com.br\/novelas\/2025\/08\/01\/dona-de-mim-jaques-arruma-aliada-na-conquista-por-filipa-saiba-quem-229299.php\" rel=\"nofollow noopener\" target=\"_blank\">+\u00a0Dona de Mim: Jaques arruma aliada na conquista por Filipa; saiba quem<\/a><\/p>\n<p>A caminho do m\u00e9dico, a Filipa diz que a filha n\u00e3o est\u00e1 e pede que ele volte outra hora. Mais tarde, Deco envia uma mensagem para a ex-namorada dizendo que ir\u00e1 enviar a sua localiza\u00e7\u00e3o e insistindo para ela ir ao seu encontro.<\/p>\n<p>&#8220;Atende esse telefone ou eu vou ficar bem zangado&#8221;, amea\u00e7a. Visivelmente assustada, pois j\u00e1 sabe que o malandro est\u00e1 por perto, Nina vai desabar com Danilo que promete ajud\u00e1-la.<\/p>\n<p>A cena vai ao ar em breve na novela da sete da Globo.<\/p>\n<p><strong>Confira os resumos da semana das outras novelas:\u00a0<\/strong><\/p>\n<p>O\u00a0<strong>NaTelinha<\/strong>\u00a0divulga todos os dias os\u00a0<a href=\"https:\/\/natelinha.uol.com.br\/novelas\" rel=\"nofollow noopener\" target=\"_blank\"><strong>resumos dos cap\u00edtulos<\/strong><\/a>, detalhes dos personagens, entrevistas exclusivas com o elenco e spoiler da novela Dona de Mim.\u00a0<\/p>\n<p>continua depois da publicidade<\/p>\n<p><strong>Assista ao\u00a0v\u00eddeo de abertura da novela das sete:\u00a0\u00a0<\/strong><\/p>\n<p>                                <img decoding=\"async\" loading=\"lazy\" class=\"horizontal\" alt=\"Imagem da thumbnail do v\u00eddeo\" src=\"https:\/\/www.europesays.com\/pt\/wp-content\/uploads\/2025\/08\/1755610270_149_hqdefault.jpg\" atende=\"\" esse=\"\" telefone=\"\"\/><\/p>\n","protected":false},"excerpt":{"rendered":"Nos pr\u00f3ximos cap\u00edtulos de Dona de Mim, Deco (Jos\u00e9 Maria Brion) aparece de surpresa na mans\u00e3o dos Boaz&hellip;\n","protected":false},"author":2,"featured_media":41092,"comment_status":"","ping_status":"","sticky":false,"template":"","format":"standard","meta":{"footnotes":""},"categories":[142],"tags":[6458,1718,114,115,12492,32,33,151],"class_list":{"0":"post-41091","1":"post","2":"type-post","3":"status-publish","4":"format-standard","5":"has-post-thumbnail","7":"category-tv","8":"tag-danilo-dona-de-mim","9":"tag-dona-de-mim","10":"tag-entertainment","11":"tag-entretenimento","12":"tag-nina-dona-de-mim","13":"tag-portugal","14":"tag-pt","15":"tag-tv"},"share_on_mastodon":{"url":"","error":""},"_links":{"self":[{"href":"https:\/\/www.europesays.com\/pt\/wp-json\/wp\/v2\/posts\/41091","targetHints":{"allow":["GET"]}}],"collection":[{"href":"https:\/\/www.europesays.com\/pt\/wp-json\/wp\/v2\/posts"}],"about":[{"href":"https:\/\/www.europesays.com\/pt\/wp-json\/wp\/v2\/types\/post"}],"author":[{"embeddable":true,"href":"https:\/\/www.europesays.com\/pt\/wp-json\/wp\/v2\/users\/2"}],"replies":[{"embeddable":true,"href":"https:\/\/www.europesays.com\/pt\/wp-json\/wp\/v2\/comments?post=41091"}],"version-history":[{"count":0,"href":"https:\/\/www.europesays.com\/pt\/wp-json\/wp\/v2\/posts\/41091\/revisions"}],"wp:featuredmedia":[{"embeddable":true,"href":"https:\/\/www.europesays.com\/pt\/wp-json\/wp\/v2\/media\/41092"}],"wp:attachment":[{"href":"https:\/\/www.europesays.com\/pt\/wp-json\/wp\/v2\/media?parent=41091"}],"wp:term":[{"taxonomy":"category","embeddable":true,"href":"https:\/\/www.europesays.com\/pt\/wp-json\/wp\/v2\/categories?post=41091"},{"taxonomy":"post_tag","embeddable":true,"href":"https:\/\/www.europesays.com\/pt\/wp-json\/wp\/v2\/tags?post=41091"}],"curies":[{"name":"wp","href":"https:\/\/api.w.org\/{rel}","templated":true}]}}