{"id":41093,"date":"2025-08-23T03:07:08","date_gmt":"2025-08-23T03:07:08","guid":{"rendered":"https:\/\/www.europesays.com\/pt\/41093\/"},"modified":"2025-08-23T03:07:08","modified_gmt":"2025-08-23T03:07:08","slug":"zinchenko-continua-a-ser-favorito-para-a-lateral-esquerda-mas-salario-dificulta-negocio","status":"publish","type":"post","link":"https:\/\/www.europesays.com\/pt\/41093\/","title":{"rendered":"Zinchenko continua a ser favorito para a lateral esquerda mas sal\u00e1rio dificulta neg\u00f3cio"},"content":{"rendered":"<p><strong>O FC Porto continua no mercado \u00e0 procura de um lateral esquerdo. Drag\u00f5es olham para v\u00e1rios jogadores como potenciais alvos.<\/strong><\/p>\n<p>O FC Porto est\u00e1 no mercado por um lateral esquerdo. Segundo o TEAMtalk, Oleksandr Zinchenko continua a ser o principal alvo dos drag\u00f5es para refor\u00e7ar essa posi\u00e7\u00e3o, por\u00e9m h\u00e1 entraves econ\u00f3micos. O internacional ucraniano quer receber um sal\u00e1rio de 6,5 milh\u00f5es de euros, o que dificulta muito o neg\u00f3cio.<\/p>\n<p>Por esse motivo, o FC Porto olha para outras op\u00e7\u00f5es: Nico Schulz (livre no mercado ap\u00f3s passagem pelo Ankaragucu) e Tyrell Malacia (Manchester United). Sabe-se tamb\u00e9m que os drag\u00f5es continuam a trabalhar na contrata\u00e7\u00e3o de Jakub Kiwior, defesa que pode jogar a central e \u00e0 esquerda.<\/p>\n<p>O Arsenal apontam para a fasquia dos 27 milh\u00f5es de euros (inicialmente 30 milh\u00f5es de euros) e o FC Porto tenta baixar. <a href=\"https:\/\/bolanarede.pt\/especial-bola-na-rede\/atualidade\/fc-porto-acelera-por-jakub-kiwior-o-ponto-de-situacao\/\" target=\"_blank\" rel=\"noreferrer noopener nofollow\">Podes ver como est\u00e1 a situa\u00e7\u00e3o com mais detalhes.<\/a><\/p>\n<blockquote class=\"twitter-tweet\" data-width=\"550\" data-dnt=\"true\">\n<p lang=\"en\" dir=\"ltr\">\ud83d\udea8\u203c\ufe0f Porto are still in the market for a LB, with Oleksandr Zinchenko their top target.<\/p>\n<p>However, the Arsenal player\u2019s salary demands of ~\u20ac6.5m per year make the deal very complicated.<\/p>\n<p>For this reason, the \ud83c\uddf5\ud83c\uddf9 side is also exploring other options (Schulz, Malacia, etc.). <a href=\"https:\/\/t.co\/K3F6dNNsoT\" rel=\"nofollow\">pic.twitter.com\/K3F6dNNsoT<\/a><\/p>\n<p>&mdash; Rudy Galetti (@RudyGaletti) <a href=\"https:\/\/twitter.com\/RudyGaletti\/status\/1958899724871688537?ref_src=twsrc%5Etfw\" rel=\"nofollow noopener\" target=\"_blank\">August 22, 2025<\/a><\/p><\/blockquote>\n<p><script async src=\"https:\/\/platform.twitter.com\/widgets.js\" charset=\"utf-8\"><\/script>\n<\/p>\n<p><script async src=\"https:\/\/platform.twitter.com\/widgets.js\" charset=\"utf-8\"><\/script><\/p>\n","protected":false},"excerpt":{"rendered":"O FC Porto continua no mercado \u00e0 procura de um lateral esquerdo. Drag\u00f5es olham para v\u00e1rios jogadores como&hellip;\n","protected":false},"author":2,"featured_media":41094,"comment_status":"","ping_status":"","sticky":false,"template":"","format":"standard","meta":{"footnotes":""},"categories":[87],"tags":[260,135,282,5924,6945,9430,32,33,134,4676],"class_list":{"0":"post-41093","1":"post","2":"type-post","3":"status-publish","4":"format-standard","5":"has-post-thumbnail","7":"category-desporto","8":"tag-atualidade","9":"tag-desporto","10":"tag-fc-porto","11":"tag-jakub-kiwior","12":"tag-nico-schulz","13":"tag-oleksandr-zinchenko","14":"tag-portugal","15":"tag-pt","16":"tag-sports","17":"tag-tyrell-malacia"},"share_on_mastodon":{"url":"","error":""},"_links":{"self":[{"href":"https:\/\/www.europesays.com\/pt\/wp-json\/wp\/v2\/posts\/41093","targetHints":{"allow":["GET"]}}],"collection":[{"href":"https:\/\/www.europesays.com\/pt\/wp-json\/wp\/v2\/posts"}],"about":[{"href":"https:\/\/www.europesays.com\/pt\/wp-json\/wp\/v2\/types\/post"}],"author":[{"embeddable":true,"href":"https:\/\/www.europesays.com\/pt\/wp-json\/wp\/v2\/users\/2"}],"replies":[{"embeddable":true,"href":"https:\/\/www.europesays.com\/pt\/wp-json\/wp\/v2\/comments?post=41093"}],"version-history":[{"count":0,"href":"https:\/\/www.europesays.com\/pt\/wp-json\/wp\/v2\/posts\/41093\/revisions"}],"wp:featuredmedia":[{"embeddable":true,"href":"https:\/\/www.europesays.com\/pt\/wp-json\/wp\/v2\/media\/41094"}],"wp:attachment":[{"href":"https:\/\/www.europesays.com\/pt\/wp-json\/wp\/v2\/media?parent=41093"}],"wp:term":[{"taxonomy":"category","embeddable":true,"href":"https:\/\/www.europesays.com\/pt\/wp-json\/wp\/v2\/categories?post=41093"},{"taxonomy":"post_tag","embeddable":true,"href":"https:\/\/www.europesays.com\/pt\/wp-json\/wp\/v2\/tags?post=41093"}],"curies":[{"name":"wp","href":"https:\/\/api.w.org\/{rel}","templated":true}]}}