{"id":41095,"date":"2025-08-23T03:08:20","date_gmt":"2025-08-23T03:08:20","guid":{"rendered":"https:\/\/www.europesays.com\/pt\/41095\/"},"modified":"2025-08-23T03:08:20","modified_gmt":"2025-08-23T03:08:20","slug":"secretaria-municipal-de-saude-confirma-mais-um-obito-por-dengue-em-aracatuba","status":"publish","type":"post","link":"https:\/\/www.europesays.com\/pt\/41095\/","title":{"rendered":"Secretaria Municipal de Sa\u00fade confirma mais um \u00f3bito por dengue em Ara\u00e7atuba"},"content":{"rendered":"\n<p>A Secretaria Municipal de Sa\u00fade de Ara\u00e7atuba confirmou, nesta sexta-feira (22), mais um \u00f3bito por dengue no munic\u00edpio. A v\u00edtima \u00e9 um homem de 83 anos, com comorbidades, que faleceu no dia 16 de julho.<\/p>\n<p>&#13;<br \/>\n&#13;<\/p>\n<p>\u00a0<\/p>\n<p>&#13;<br \/>\n&#13;<\/p>\n<p>O caso estava em investiga\u00e7\u00e3o, aguardando resultado de exame do Instituto Adolfo Lutz.<\/p>\n<p>&#13;<br \/>\n&#13;<\/p>\n<p>\u00a0<\/p>\n<p>&#13;<br \/>\n&#13;<\/p>\n<p>Com o novo registro, chega a 10 o total de mortes por complica\u00e7\u00f5es da doen\u00e7a em 2025. Desde o in\u00edcio do ano, 10.297 pessoas contra\u00edram a dengue. Outros 20.093 casos foram descartados e 52 est\u00e3o em investiga\u00e7\u00e3o, totalizando 30.442 notifica\u00e7\u00f5es.<\/p>\n<p>&#13;<br \/>\n&#13;<\/p>\n<p>\u00a0<\/p>\n<p>&#13;<br \/>\n&#13;<\/p>\n<p><strong>CHIKUNGUNYA<\/strong><\/p>\n<p>&#13;<br \/>\n&#13;<\/p>\n<p>A Vigil\u00e2ncia Epidemiol\u00f3gica confirmou mais cinco casos positivos de chikungunya, subindo para 138 o n\u00famero de registro da doen\u00e7a, tamb\u00e9m transmitida pelo mosquito Aedes aegypti, sem mortes.<\/p>\n<p>&#13;<br \/>\n&#13;<\/p>\n<p>\u00a0<\/p>\n<p>&#13;<br \/>\n&#13;<\/p>\n<p>H\u00e1 notifica\u00e7\u00f5es confirmadas em 43 bairros, infectando moradores entre 9 e 83 anos.<\/p>\n<p>&#13;<br \/>\n&#13;<\/p>\n<p>\u00a0<\/p>\n<p>&#13;<br \/>\n&#13;<\/p>\n<p><strong>PREVEN\u00c7\u00c3O<\/strong><\/p>\n<p>&#13;<br \/>\n&#13;<\/p>\n<p>A diretora do Departamento de Vigil\u00e2ncia Epidemiol\u00f3gica, Priscila Cestaro, refor\u00e7a a necessidade de eliminar poss\u00edveis criadouros do mosquito para combater a dengue e a chikungunya. Ela lembra que diariamente os agentes realizam bloqueios, elimina\u00e7\u00e3o de focos e nebuliza\u00e7\u00e3o durante as visitas casa a casa.<\/p>\n<p>&#13;<br \/>\n&#13;<\/p>\n<p>\u00a0<\/p>\n<p>&#13;<br \/>\n&#13;<\/p>\n<p>Eliminar recipientes que possam acumular \u00e1gua, limpar frequentemente calhas e ralos, lavar bebedouros de animais, deixar pneus em locais cobertos, evitar o uso de pratos sob vasos de plantas e permitir a entrada dos agentes nas resid\u00eancias continuam sendo medidas essenciais no combate ao mosquito.<\/p>\n<p>&#13;<br \/>\n&#13;<\/p>\n<p>\u00a0<\/p>\n<p>&#13;<br \/>\n&#13;<\/p>\n<p>\u201cA participa\u00e7\u00e3o da popula\u00e7\u00e3o \u00e9 decisiva nesta luta contra o Aedes aegypti. Estamos fazendo a nossa parte durante as visitas domiciliares, mas \u00e9 fundamental que cada morador cuide do seu quintal e evite deixar \u00e1gua acumulada\u201d, orienta Priscila.<\/p>\n","protected":false},"excerpt":{"rendered":"A Secretaria Municipal de Sa\u00fade de Ara\u00e7atuba confirmou, nesta sexta-feira (22), mais um \u00f3bito por dengue no munic\u00edpio.&hellip;\n","protected":false},"author":2,"featured_media":41096,"comment_status":"","ping_status":"","sticky":false,"template":"","format":"standard","meta":{"footnotes":""},"categories":[86],"tags":[116,32,33,117],"class_list":{"0":"post-41095","1":"post","2":"type-post","3":"status-publish","4":"format-standard","5":"has-post-thumbnail","7":"category-saude","8":"tag-health","9":"tag-portugal","10":"tag-pt","11":"tag-saude"},"share_on_mastodon":{"url":"","error":""},"_links":{"self":[{"href":"https:\/\/www.europesays.com\/pt\/wp-json\/wp\/v2\/posts\/41095","targetHints":{"allow":["GET"]}}],"collection":[{"href":"https:\/\/www.europesays.com\/pt\/wp-json\/wp\/v2\/posts"}],"about":[{"href":"https:\/\/www.europesays.com\/pt\/wp-json\/wp\/v2\/types\/post"}],"author":[{"embeddable":true,"href":"https:\/\/www.europesays.com\/pt\/wp-json\/wp\/v2\/users\/2"}],"replies":[{"embeddable":true,"href":"https:\/\/www.europesays.com\/pt\/wp-json\/wp\/v2\/comments?post=41095"}],"version-history":[{"count":0,"href":"https:\/\/www.europesays.com\/pt\/wp-json\/wp\/v2\/posts\/41095\/revisions"}],"wp:featuredmedia":[{"embeddable":true,"href":"https:\/\/www.europesays.com\/pt\/wp-json\/wp\/v2\/media\/41096"}],"wp:attachment":[{"href":"https:\/\/www.europesays.com\/pt\/wp-json\/wp\/v2\/media?parent=41095"}],"wp:term":[{"taxonomy":"category","embeddable":true,"href":"https:\/\/www.europesays.com\/pt\/wp-json\/wp\/v2\/categories?post=41095"},{"taxonomy":"post_tag","embeddable":true,"href":"https:\/\/www.europesays.com\/pt\/wp-json\/wp\/v2\/tags?post=41095"}],"curies":[{"name":"wp","href":"https:\/\/api.w.org\/{rel}","templated":true}]}}