{"id":41099,"date":"2025-08-23T03:15:07","date_gmt":"2025-08-23T03:15:07","guid":{"rendered":"https:\/\/www.europesays.com\/pt\/41099\/"},"modified":"2025-08-23T03:15:07","modified_gmt":"2025-08-23T03:15:07","slug":"ator-passa-mal-ao-vivo-e-revela-fobia-alimentar-inusitada-2","status":"publish","type":"post","link":"https:\/\/www.europesays.com\/pt\/41099\/","title":{"rendered":"Ator passa mal ao vivo e revela fobia alimentar inusitada"},"content":{"rendered":"\n<p>O ator Ralf Little, conhecido por seu papel na s\u00e9rie brit\u00e2nico-francesa \u201cDeath in Paradise\u201d, viralizou nas redes sociais ap\u00f3s participar do programa \u201cSaturday Kitchen\u201d, da BBC, no in\u00edcio do m\u00eas. Durante a participa\u00e7\u00e3o, ele chegou\u00a0 a fazer v\u00f4mito ao citar uma fobia inusitada.\u00a0<\/p>\n<p>O incidente come\u00e7ou quando o assunto<strong>\u00a0\u201ctomates\u201d<\/strong>\u00a0surgiu na conversa. Assim que o alimento foi mencionado, o ator n\u00e3o conseguiu esconder o nojo \u2014 sua express\u00e3o de repulsa foi imediata.<\/p>\n<p dir=\"ltr\">A cena surpreendeu os telespectadores, muitos dos quais n\u00e3o imaginavam que fobias alimentares pudessem ser t\u00e3o intensas. Little chegou a quase vomitar ao vivo, deixando at\u00e9 o apresentador Matt Tebbutt sem rea\u00e7\u00e3o.<\/p>\n<p dir=\"ltr\">\u201cTomates&#8230; Chega. N\u00e3o cheguem perto de mim com isso. \u00c9 bizarro demais. At\u00e9 como pizza feliz da vida se tiver molho de tomate, mas se tiver uma fatia de tomate em cima&#8230;\u201d, disse Little, fazendo caretas e segurando o enjoo.<\/p>\n<p dir=\"ltr\">\u201cN\u00e3o d\u00e1, n\u00e3o d\u00e1. Tirem isso da minha frente. Tem algo nos peda\u00e7os de tomate que \u00e9 simplesmente\u2026\u201d,\u00a0 ele continuou, quase entrando em outra crise de n\u00e1usea.<\/p>\n<p dir=\"ltr\">Por fim, tentou levar a situa\u00e7\u00e3o com humor.\u00a0 \u201cVou ter que levar isso para a minha terapeuta\u201d, brincou.<\/p>\n<p dir=\"ltr\">O momento inusitado rapidamente viralizou nas redes sociais, dividindo opini\u00f5es: enquanto alguns acharam exagerado, outros se identificaram com o desespero do ator. O apresentador Matt Tebbutt, por sua vez, s\u00f3 conseguiu rir da cena, sem saber muito bem como salvar a situa\u00e7\u00e3o ao vivo.<\/p>\n<p dir=\"ltr\"><strong>O que s\u00e3o fobias alimentares?<\/strong><\/p>\n<ul>\n<li>Fobias alimentares envolvem uma rea\u00e7\u00e3o de medo desproporcional a certos alimentos, que pode incluir n\u00e1useas, sudorese, taquicardia ou p\u00e2nico ao ver, cheirar ou tocar o alimento.<\/li>\n<\/ul>\n<ul>\n<li>Diferente de avers\u00e3o ou prefer\u00eancia alimentar, a fobia \u00e9 persistente e gera sofrimento significativo, interferindo na rotina e na alimenta\u00e7\u00e3o.<\/li>\n<\/ul>\n<ul>\n<li>Crian\u00e7as e adultos podem desenvolver fobias alimentares, muitas vezes ligadas a experi\u00eancias traum\u00e1ticas, engasgos ou incidentes com determinados alimentos.<\/li>\n<\/ul>\n<ul>\n<li>Podem estar relacionadas a fatores psicol\u00f3gicos, ansiedade, experi\u00eancias passadas negativas, cultura ou at\u00e9 associa\u00e7\u00f5es aprendidas desde a inf\u00e2ncia.<\/li>\n<\/ul>\n<ul>\n<li>Incluem tremores, palpita\u00e7\u00f5es, n\u00e1usea, v\u00f4mitos, tontura, ansiedade intensa, ataques de p\u00e2nico e at\u00e9 recusa de frequentar locais onde o alimento \u00e9 servido.<\/li>\n<\/ul>\n<ul>\n<li>Pessoas com fobias alimentares podem evitar restaurantes, conv\u00edvios sociais, refei\u00e7\u00f5es em fam\u00edlia ou eventos que envolvam determinados alimentos.\u00a0<\/li>\n<\/ul>\n","protected":false},"excerpt":{"rendered":"O ator Ralf Little, conhecido por seu papel na s\u00e9rie brit\u00e2nico-francesa \u201cDeath in Paradise\u201d, viralizou nas redes sociais&hellip;\n","protected":false},"author":2,"featured_media":41100,"comment_status":"","ping_status":"","sticky":false,"template":"","format":"standard","meta":{"footnotes":""},"categories":[145],"tags":[4843,1244,211,210,12496,114,115,12498,12420,12499,222,12495,12493,12494,32,33,12497],"class_list":{"0":"post-41099","1":"post","2":"type-post","3":"status-publish","4":"format-standard","5":"has-post-thumbnail","7":"category-celebridades","8":"tag-ansiedade","9":"tag-ator","10":"tag-celebridades","11":"tag-celebrities","12":"tag-death-in-paradise","13":"tag-entertainment","14":"tag-entretenimento","15":"tag-experiencias-traumaticas","16":"tag-fobia","17":"tag-fobias-alimentares","18":"tag-humor","19":"tag-nausea","20":"tag-panico","21":"tag-passou-mal","22":"tag-portugal","23":"tag-pt","24":"tag-ralf-little"},"share_on_mastodon":{"url":"","error":""},"_links":{"self":[{"href":"https:\/\/www.europesays.com\/pt\/wp-json\/wp\/v2\/posts\/41099","targetHints":{"allow":["GET"]}}],"collection":[{"href":"https:\/\/www.europesays.com\/pt\/wp-json\/wp\/v2\/posts"}],"about":[{"href":"https:\/\/www.europesays.com\/pt\/wp-json\/wp\/v2\/types\/post"}],"author":[{"embeddable":true,"href":"https:\/\/www.europesays.com\/pt\/wp-json\/wp\/v2\/users\/2"}],"replies":[{"embeddable":true,"href":"https:\/\/www.europesays.com\/pt\/wp-json\/wp\/v2\/comments?post=41099"}],"version-history":[{"count":0,"href":"https:\/\/www.europesays.com\/pt\/wp-json\/wp\/v2\/posts\/41099\/revisions"}],"wp:featuredmedia":[{"embeddable":true,"href":"https:\/\/www.europesays.com\/pt\/wp-json\/wp\/v2\/media\/41100"}],"wp:attachment":[{"href":"https:\/\/www.europesays.com\/pt\/wp-json\/wp\/v2\/media?parent=41099"}],"wp:term":[{"taxonomy":"category","embeddable":true,"href":"https:\/\/www.europesays.com\/pt\/wp-json\/wp\/v2\/categories?post=41099"},{"taxonomy":"post_tag","embeddable":true,"href":"https:\/\/www.europesays.com\/pt\/wp-json\/wp\/v2\/tags?post=41099"}],"curies":[{"name":"wp","href":"https:\/\/api.w.org\/{rel}","templated":true}]}}