{"id":411222,"date":"2026-06-09T00:31:39","date_gmt":"2026-06-09T00:31:39","guid":{"rendered":"https:\/\/www.europesays.com\/pt\/411222\/"},"modified":"2026-06-09T00:31:39","modified_gmt":"2026-06-09T00:31:39","slug":"castelo-branco-praia-fluvial-de-almaceda-renovada-e-com-novo-bar-verao","status":"publish","type":"post","link":"https:\/\/www.europesays.com\/pt\/411222\/","title":{"rendered":"Castelo Branco: Praia fluvial de Almaceda renovada e com novo bar | Ver\u00e3o"},"content":{"rendered":"<p>Aproveitando o curso natural da Ribeira de Almaceda, a praia fluvial que recebeu o seu nome \u00e9 conhecida como Po\u00e7o do Lagar. Isto, precisamente, porque o curso de \u00e1gua foi &#8220;aproveitado para criar o a\u00e7ude que deu origem \u00e0 praia&#8221;, explica a autarquia de Castelo Branco, &#8220;ao mesmo tempo que se mant\u00e9m um r\u00fastico lagar de azeite que, antigamente, aproveitava a for\u00e7a das \u00e1guas para o seu funcionamento&#8221;.<\/p>\n<p>A Praia Fluvial de Almaceda &#8220;divide o lugar do Esp\u00edrito Santo, na margem direita, e o lugar da Senhora da Gra\u00e7a, na margem esquerda, de onde se podem avistar paisagens naturais \u00fanicas&#8221;, assegura-se. Agora, o espa\u00e7o foi alvo de remodela\u00e7\u00e3o e renova\u00e7\u00e3o, passando a ter direito a um novo bar de apoio.<\/p>\n<p>&#8220;Al\u00e9m do novo equipamento de restaura\u00e7\u00e3o com esplanada, a interven\u00e7\u00e3o paisag\u00edstica tamb\u00e9m contemplou a planta\u00e7\u00e3o de novas \u00e1rvores, refor\u00e7ando a componente ambiental e a integra\u00e7\u00e3o harmoniosa na envolvente natural da praia fluvial de Almaceda&#8221;, anuncia-se.<\/p>\n<p>A nova infra-estrutura, um investimento de 400 mil euros, contou com o financiamento do Turismo de Portugal e do munic\u00edpio de Castelo Branco.<\/p>\n<p>                &#13;<br \/>\n                    &#13;<br \/>\n                    &#13;<br \/>\n                        Praia fluvial de Almaceda&#13;<br \/>\nCM Castelo Branco                    &#13;<\/p>\n<p>A interven\u00e7\u00e3o teve como principal objectivo a requalifica\u00e7\u00e3o e valoriza\u00e7\u00e3o de um dos mais importantes espa\u00e7os naturais do concelho, dotando-o de melhores condi\u00e7\u00f5es de conforto, acolhimento e funcionalidade para residentes e visitantes.<\/p>\n<p>&#8220;Esta \u00e9 uma infra-estrutura bem enquadrada na \u00e1rea envolvente e na preserva\u00e7\u00e3o do ambiente que proporciona agora melhores condi\u00e7\u00f5es para quem vive e visita Almaceda&#8221;, vincou o presidente da C\u00e2mara.<\/p>\n<p>                &#13;<br \/>\n                    &#13;<br \/>\n                    &#13;<br \/>\n                        Praia fluvial de Almaceda&#13;<br \/>\nCM Castelo Branco                    &#13;<\/p>\n<p>Leopoldo Rodrigues sublinhou que este novo bar ir\u00e1 potenciar a presen\u00e7a de pessoas na zona balnear e melhorar as suas condi\u00e7\u00f5es de funcionamento.<\/p>\n<p>J\u00e1 o presidente da Junta de Freguesia de Almaceda, Gabriel Martins, considerou que o novo equipamento &#8220;nasce da vontade de tornar o local mais acolhedor e funcional, garantindo melhores condi\u00e7\u00f5es para quem visita a freguesia&#8221;.<\/p>\n","protected":false},"excerpt":{"rendered":"Aproveitando o curso natural da Ribeira de Almaceda, a praia fluvial que recebeu o seu nome \u00e9 conhecida&hellip;\n","protected":false},"author":2,"featured_media":411223,"comment_status":"","ping_status":"","sticky":false,"template":"","format":"standard","meta":{"footnotes":"","_share_on_mastodon":"0"},"categories":[10],"tags":[27,28,2947,15,16,287,14,25,26,21,22,12,13,19,20,542,32,2218,4915,23,24,33,291,17,18,1456,29,30,31,293],"class_list":["post-411222","post","type-post","status-publish","format-standard","has-post-thumbnail","category-portugal","tag-breaking-news","tag-breakingnews","tag-castelo-branco","tag-featured-news","tag-featurednews","tag-fugas","tag-headlines","tag-latest-news","tag-latestnews","tag-main-news","tag-mainnews","tag-news","tag-noticias","tag-noticias-principais","tag-noticiasprincipais","tag-para-redes","tag-portugal","tag-praias","tag-praias-fluviais","tag-principais-noticias","tag-principaisnoticias","tag-pt","tag-relaxar","tag-top-stories","tag-topstories","tag-turismo","tag-ultimas","tag-ultimas-noticias","tag-ultimasnoticias","tag-verao"],"share_on_mastodon":{"url":"https:\/\/pubeurope.com\/@pt\/116717334454248660","error":""},"_links":{"self":[{"href":"https:\/\/www.europesays.com\/pt\/wp-json\/wp\/v2\/posts\/411222","targetHints":{"allow":["GET"]}}],"collection":[{"href":"https:\/\/www.europesays.com\/pt\/wp-json\/wp\/v2\/posts"}],"about":[{"href":"https:\/\/www.europesays.com\/pt\/wp-json\/wp\/v2\/types\/post"}],"author":[{"embeddable":true,"href":"https:\/\/www.europesays.com\/pt\/wp-json\/wp\/v2\/users\/2"}],"replies":[{"embeddable":true,"href":"https:\/\/www.europesays.com\/pt\/wp-json\/wp\/v2\/comments?post=411222"}],"version-history":[{"count":0,"href":"https:\/\/www.europesays.com\/pt\/wp-json\/wp\/v2\/posts\/411222\/revisions"}],"wp:featuredmedia":[{"embeddable":true,"href":"https:\/\/www.europesays.com\/pt\/wp-json\/wp\/v2\/media\/411223"}],"wp:attachment":[{"href":"https:\/\/www.europesays.com\/pt\/wp-json\/wp\/v2\/media?parent=411222"}],"wp:term":[{"taxonomy":"category","embeddable":true,"href":"https:\/\/www.europesays.com\/pt\/wp-json\/wp\/v2\/categories?post=411222"},{"taxonomy":"post_tag","embeddable":true,"href":"https:\/\/www.europesays.com\/pt\/wp-json\/wp\/v2\/tags?post=411222"}],"curies":[{"name":"wp","href":"https:\/\/api.w.org\/{rel}","templated":true}]}}