{"id":41143,"date":"2025-08-23T04:16:05","date_gmt":"2025-08-23T04:16:05","guid":{"rendered":"https:\/\/www.europesays.com\/pt\/41143\/"},"modified":"2025-08-23T04:16:05","modified_gmt":"2025-08-23T04:16:05","slug":"crianca-de-tres-anos-ferida-com-gravidade-num-acidente-com-tres-carros","status":"publish","type":"post","link":"https:\/\/www.europesays.com\/pt\/41143\/","title":{"rendered":"Crian\u00e7a de tr\u00eas anos ferida com gravidade num acidente com tr\u00eas carros"},"content":{"rendered":"<p>O acidente aconteceu num cruzamento e envolveu tr\u00eas autom\u00f3veis ligeiros. A crian\u00e7a ficou em estado grave e foi transportada para o Hospital de Santa Maria, em Lisboa, com acompanhamento da VMER. As restantes v\u00edtimas, quatro feridos ligeiros, foram encaminhadas para os hospitais de S\u00e3o Jos\u00e9, Barreiro e Set\u00fabal.<\/p>\n<p data-remotead-prev-elm=\"true\" data-remotead-elm-id=\"inread\">Segundo o site da Prote\u00e7\u00e3o Civil, o alerta foi dado \u00e0s 17.55 horas. No local chegaram a estar 33 elementos e 16 viaturas dos bombeiros, GNR e INEM, sendo que as autoridades procederam ao corte da estrada municipal 542 durante cerca de tr\u00eas horas.<\/p>\n<p>O acidente aconteceu na interse\u00e7\u00e3o entre a rua Joaquim Maria Afonso e a rua Jos\u00e9 Peixoto, no cruzamento de Lagame\u00e7as-Algeruz. Pelo que o JN apurou, este \u00e9 um local de acidentes frequentes, mas disp\u00f5e de lombas e sinaliza\u00e7\u00e3o a avisar para o cruzamento perigoso.<\/p>\n<p data-remotead-prev-elm=\"true\" data-remotead-elm-id=\"centro1\">A GNR tomou conta da ocorr\u00eancia e est\u00e1 a investigar.<\/p>\n","protected":false},"excerpt":{"rendered":"O acidente aconteceu num cruzamento e envolveu tr\u00eas autom\u00f3veis ligeiros. A crian\u00e7a ficou em estado grave e foi&hellip;\n","protected":false},"author":2,"featured_media":41144,"comment_status":"","ping_status":"","sticky":false,"template":"","format":"standard","meta":{"footnotes":""},"categories":[10],"tags":[27,28,15,16,14,25,26,21,22,12,13,19,20,32,23,24,33,17,18,29,30,31],"class_list":{"0":"post-41143","1":"post","2":"type-post","3":"status-publish","4":"format-standard","5":"has-post-thumbnail","7":"category-portugal","8":"tag-breaking-news","9":"tag-breakingnews","10":"tag-featured-news","11":"tag-featurednews","12":"tag-headlines","13":"tag-latest-news","14":"tag-latestnews","15":"tag-main-news","16":"tag-mainnews","17":"tag-news","18":"tag-noticias","19":"tag-noticias-principais","20":"tag-noticiasprincipais","21":"tag-portugal","22":"tag-principais-noticias","23":"tag-principaisnoticias","24":"tag-pt","25":"tag-top-stories","26":"tag-topstories","27":"tag-ultimas","28":"tag-ultimas-noticias","29":"tag-ultimasnoticias"},"share_on_mastodon":{"url":"","error":""},"_links":{"self":[{"href":"https:\/\/www.europesays.com\/pt\/wp-json\/wp\/v2\/posts\/41143","targetHints":{"allow":["GET"]}}],"collection":[{"href":"https:\/\/www.europesays.com\/pt\/wp-json\/wp\/v2\/posts"}],"about":[{"href":"https:\/\/www.europesays.com\/pt\/wp-json\/wp\/v2\/types\/post"}],"author":[{"embeddable":true,"href":"https:\/\/www.europesays.com\/pt\/wp-json\/wp\/v2\/users\/2"}],"replies":[{"embeddable":true,"href":"https:\/\/www.europesays.com\/pt\/wp-json\/wp\/v2\/comments?post=41143"}],"version-history":[{"count":0,"href":"https:\/\/www.europesays.com\/pt\/wp-json\/wp\/v2\/posts\/41143\/revisions"}],"wp:featuredmedia":[{"embeddable":true,"href":"https:\/\/www.europesays.com\/pt\/wp-json\/wp\/v2\/media\/41144"}],"wp:attachment":[{"href":"https:\/\/www.europesays.com\/pt\/wp-json\/wp\/v2\/media?parent=41143"}],"wp:term":[{"taxonomy":"category","embeddable":true,"href":"https:\/\/www.europesays.com\/pt\/wp-json\/wp\/v2\/categories?post=41143"},{"taxonomy":"post_tag","embeddable":true,"href":"https:\/\/www.europesays.com\/pt\/wp-json\/wp\/v2\/tags?post=41143"}],"curies":[{"name":"wp","href":"https:\/\/api.w.org\/{rel}","templated":true}]}}