{"id":41151,"date":"2025-08-23T04:25:05","date_gmt":"2025-08-23T04:25:05","guid":{"rendered":"https:\/\/www.europesays.com\/pt\/41151\/"},"modified":"2025-08-23T04:25:05","modified_gmt":"2025-08-23T04:25:05","slug":"infogripe-casos-de-srag-seguem-em-alta-entre-criancas-no-amazonas","status":"publish","type":"post","link":"https:\/\/www.europesays.com\/pt\/41151\/","title":{"rendered":"InfoGripe: casos de SRAG seguem em alta entre crian\u00e7as no Amazonas"},"content":{"rendered":"<p>O mais recente <a href=\"https:\/\/gitlab.fiocruz.br\/marcelo.gomes\/infogripe\/-\/blob\/master\/Boletins%20do%20InfoGripe\/Resumo_InfoGripe_atual.pdf\" target=\"_blank\" rel=\"nofollow noopener\">Boletim InfoGripe da Fiocruz<\/a> aponta que<strong> o n\u00famero de casos de S\u00edndrome Respirat\u00f3ria Aguda Grave (SRAG) por v\u00edrus sincicial respirat\u00f3rio (VSR) segue em alta entre crian\u00e7as de at\u00e9 dois anos no Amazonas. <\/strong>Apesar das ocorr\u00eancias seguirem em manuten\u00e7\u00e3o de queda em quase todo o pa\u00eds, ainda h\u00e1 registros de SRAG em n\u00edveis de moderado a muito alto em alguns estados das regi\u00f5es Norte, Nordeste e Centro-Sul.<\/p>\n<p>A an\u00e1lise \u00e9 referente ao per\u00edodo de 10 a 16 de agosto e<strong> o documento alerta para a manuten\u00e7\u00e3o do quadro de aumento do n\u00famero de casos de SRAG nas crian\u00e7as e adolescentes de 2 a 14 anos no Nordeste e no Centro-Sul associados ao rinov\u00edrus.<\/strong><\/p>\n<p>Al\u00e9m disso, o Boletim informa que pode ser observado um leve aumento de SRAG entre os idosos a partir de 65 anos por Covid-19, no Amazonas e na Para\u00edba.\u00a0<\/p>\n<p>Em rela\u00e7\u00e3o \u00e0 Covid-19, Cear\u00e1 e Rio de Janeiro tamb\u00e9m apresentaram um aumento nas notifica\u00e7\u00f5es pelo v\u00edrus nas \u00faltimas semanas. No entanto, ainda n\u00e3o houve impacto na tend\u00eancia geral dos casos de SRAG.<\/p>\n<p><strong>A pesquisadora Tatiana Portella, do Programa de Computa\u00e7\u00e3o Cient\u00edfica da Fiocruz e do InfoGripe, destaca a import\u00e2ncia da atualiza\u00e7\u00e3o da vacina\u00e7\u00e3o contra a Covid-19 \u2013 \u00fanica forma de evitar casos graves e \u00f3bitos pela doen\u00e7a.<\/strong><\/p>\n<p>Ela explica, ainda, que idosos e pessoas imunocomprometidas devem tomar doses de refor\u00e7o a cada seis meses. Tatiana Portela tamb\u00e9m ressalta a import\u00e2ncia do uso de m\u00e1scara e afastamento da escola, caso crian\u00e7as e adolescentes apresentem sintomas.<\/p>\n<p>\u201cE tamb\u00e9m em rela\u00e7\u00e3o \u00e0s crian\u00e7as e adolescentes, os quais a gente tem observado um aumento dos casos de SRAG nessa faixa et\u00e1ria, especificamente alguns estados do pa\u00eds, a gente pede para caso eles tenham a\u00ed alguns sintomas de gripe ou resfriado, que se poss\u00edvel que eles fiquem em casa em isolamento e evitem ir para a escola, para evitar transmitir alguns desses v\u00edrus respirat\u00f3rios para outras crian\u00e7as\u201d, pontua Portela.<\/p>\n<p>Cen\u00e1rio epidemiol\u00f3gico no pa\u00eds\u00a0<\/p>\n<p>Conforme o Boletim da FioCruz, <strong>nenhuma das 27 unidades federativas (UF) apresenta sinal de crescimento na tend\u00eancia de longo prazo. <\/strong>No entanto, 18 estados ainda registram incid\u00eancia de SRAG em n\u00edveis de alerta, risco ou alto risco, por\u00e9m sem sinal de crescimento na tend\u00eancia de longo prazo, sendo: Acre, Alagoas, Amazonas, Bahia, Distrito Federal, Goi\u00e1s, Mato Grosso, Mato Grosso do Sul, Minas Gerais, Paran\u00e1, Para\u00edba, Par\u00e1, Rio Grande do Norte, Rio Grande do Sul, Rio de Janeiro, Roraima, Santa Catarina e Sergipe.<\/p>\n<p>Em rela\u00e7\u00e3o \u00e0s capitais, cinco apresentam n\u00edvel de atividade de SRAG em alerta, risco ou alto risco com sinal de crescimento de SRAG na tend\u00eancia de longo prazo at\u00e9 a semana 33. Confira as capitais:<\/p>\n<ul>&#13;<\/p>\n<li>Cuiab\u00e1 (Mato Grosso);<\/li>\n<p>&#13;<\/p>\n<li>Jo\u00e3o Pessoa (Para\u00edba);<\/li>\n<p>&#13;<\/p>\n<li>Macei\u00f3 (Alagoas);<\/li>\n<p>&#13;<\/p>\n<li>Natal (Rio Grande do Norte;<\/li>\n<p>&#13;<\/p>\n<li>Salvador (Bahia).<\/li>\n<p>&#13;\n<\/ul>\n<p><strong>Nas quatro \u00faltimas semanas epidemiol\u00f3gicas, a preval\u00eancia entre os casos positivos foi de 9,4% de influenza A, 1,6% de influenza B, 37,7% de v\u00edrus sincicial respirat\u00f3rio, 40,4% de rinov\u00edrus e 9,4% de Sars-CoV-2 (Covid-19).\u00a0<\/strong><\/p>\n<p>Em 2025, j\u00e1 foram notificados 159.663 casos de SRAG, sendo 53,4% com resultado laboratorial positivo para algum v\u00edrus respirat\u00f3rio. Entre os casos positivos, 25% foram de influenza A e apenas 1,1% de influenza B. Por outro lado, 37,7% foram de v\u00edrus sincicial respirat\u00f3rio, 40,4% de rinov\u00edrus e 9,4% de Sars-CoV-2 (Covid-19). \u00a0\u00a0<\/p>\n","protected":false},"excerpt":{"rendered":"O mais recente Boletim InfoGripe da Fiocruz aponta que o n\u00famero de casos de S\u00edndrome Respirat\u00f3ria Aguda Grave&hellip;\n","protected":false},"author":2,"featured_media":41152,"comment_status":"","ping_status":"","sticky":false,"template":"","format":"standard","meta":{"footnotes":""},"categories":[86],"tags":[1430,1425,1420,1419,1427,1426,1422,1424,1421,1423,1418,116,1428,52,32,1429,33,117],"class_list":{"0":"post-41151","1":"post","2":"type-post","3":"status-publish","4":"format-standard","5":"has-post-thumbnail","7":"category-saude","8":"tag-agronegocios","9":"tag-audio-para-radio","10":"tag-brasi-61","11":"tag-brasil61","12":"tag-brasilia","13":"tag-congresso","14":"tag-conteudo-para-blog","15":"tag-conteudo-para-gratuito","16":"tag-conteudo-para-radios","17":"tag-conteudo-para-site","18":"tag-gripe","19":"tag-health","20":"tag-jornalismo","21":"tag-politica","22":"tag-portugal","23":"tag-previsao-do-tempo","24":"tag-pt","25":"tag-saude"},"share_on_mastodon":{"url":"","error":""},"_links":{"self":[{"href":"https:\/\/www.europesays.com\/pt\/wp-json\/wp\/v2\/posts\/41151","targetHints":{"allow":["GET"]}}],"collection":[{"href":"https:\/\/www.europesays.com\/pt\/wp-json\/wp\/v2\/posts"}],"about":[{"href":"https:\/\/www.europesays.com\/pt\/wp-json\/wp\/v2\/types\/post"}],"author":[{"embeddable":true,"href":"https:\/\/www.europesays.com\/pt\/wp-json\/wp\/v2\/users\/2"}],"replies":[{"embeddable":true,"href":"https:\/\/www.europesays.com\/pt\/wp-json\/wp\/v2\/comments?post=41151"}],"version-history":[{"count":0,"href":"https:\/\/www.europesays.com\/pt\/wp-json\/wp\/v2\/posts\/41151\/revisions"}],"wp:featuredmedia":[{"embeddable":true,"href":"https:\/\/www.europesays.com\/pt\/wp-json\/wp\/v2\/media\/41152"}],"wp:attachment":[{"href":"https:\/\/www.europesays.com\/pt\/wp-json\/wp\/v2\/media?parent=41151"}],"wp:term":[{"taxonomy":"category","embeddable":true,"href":"https:\/\/www.europesays.com\/pt\/wp-json\/wp\/v2\/categories?post=41151"},{"taxonomy":"post_tag","embeddable":true,"href":"https:\/\/www.europesays.com\/pt\/wp-json\/wp\/v2\/tags?post=41151"}],"curies":[{"name":"wp","href":"https:\/\/api.w.org\/{rel}","templated":true}]}}