{"id":411567,"date":"2026-06-09T11:44:32","date_gmt":"2026-06-09T11:44:32","guid":{"rendered":"https:\/\/www.europesays.com\/pt\/411567\/"},"modified":"2026-06-09T11:44:32","modified_gmt":"2026-06-09T11:44:32","slug":"o-que-fazer-terca-e-dia-de-duetos-de-danca-e-classicos-de-simon-garfunkel-lazer","status":"publish","type":"post","link":"https:\/\/www.europesays.com\/pt\/411567\/","title":{"rendered":"O que fazer? Ter\u00e7a \u00e9 dia de duetos de dan\u00e7a e cl\u00e1ssicos de Simon &#038; Garfunkel | Lazer"},"content":{"rendered":"<p>The Simon &amp; Garfunkel Story<\/p>\n<p dir=\"ltr\"><strong>LISBOA Teatro Tivoli BBVA. Dia 9\/6, \u00e0s 21h. M\/6. 25\u20ac a 60\u20ac<\/strong><\/p>\n<p dir=\"ltr\">O concerto de homenagem \u00e0 dupla norte-americana composta por Paul Simon e Art Garfunkel regressa aos palcos portugueses. The Simon &amp; Garfunkel Story j\u00e1 passou por mais de 50 pa\u00edses e mant\u00e9m \u201cum profundo respeito pelos temas que marcaram v\u00e1rias gera\u00e7\u00f5es\u201d, como Bridge over troubled water, The boxer, Mrs. Robinson ou The sound of silence. Estes e outros cl\u00e1ssicos t\u00eam lugar reservado no alinhamento que, depois desta noite, tem encontro marcado com Braga (amanh\u00e3, \u00e0s 21h30, no F\u00f3rum Braga, bilhetes de 30\u20ac a 60\u20ac).<\/p>\n<p>Only Duos<\/p>\n<p dir=\"ltr\"><strong>\u00c9VORA Teatro Municipal Garcia de Resende. Dia 9\/6, \u00e0s 21h30. M\/6. 8\u20ac<\/strong><\/p>\n<p dir=\"ltr\">A Companhia Nacional de Bailado anda na estrada com Only Duos, um programa que celebra \u201ca for\u00e7a e a intimidade\u201d dos duetos, desenhado em exclusivo para circula\u00e7\u00e3o nacional. Ao palco v\u00e3o coreografias de linguagens diversas, do cl\u00e1ssico ao contempor\u00e2neo, e um convite \u201c\u00e0 contempla\u00e7\u00e3o da dan\u00e7a em estado puro, atrav\u00e9s da delicadeza e intensidade que s\u00f3 duas pessoas podem partilhar\u201d, descreve a sinopse. S\u00e3o elas: O Espectro da Rosa de Michel Fokine, Le Parc de Angelin Preljocaj, Swan Lake Dream de Filipe Portugal, Entanglement de Wubkje Kuindersma, The Unpartnered de Joseph Toonga e Chapter II de Miguel Ramalho.<\/p>\n<p>Lucrecia Dalt<\/p>\n<p dir=\"ltr\"><strong>BRAGA Theatro Circo. Dia 9\/6, \u00e0s 21h30. M\/6. 12\u20ac<\/strong><\/p>\n<p dir=\"ltr\">A linha vanguardista da artista colombiana Lucrecia Dalt volta a fazer-se ouvir. Desta vez, o encontro \u00e9 motivado por A Danger to Ourselves, \u00e1lbum lan\u00e7ado a 5 de Setembro de 2025 e fruto de um trabalho de explora\u00e7\u00e3o do seu lado mais pessoal \u2013 ao contr\u00e1rio de registos anteriores, mais dedicados a narrativas fant\u00e1sticas, de figuras imagin\u00e1rias ou liter\u00e1rias. Nele est\u00e3o diversas colabora\u00e7\u00f5es, entre elas, com Alex L\u00e1zaro, percussionista, compositor e produtor a quem est\u00e1 entregue a primeira parte do concerto.<\/p>\n<p>        &#13;<\/p>\n<p>&#13;<br \/>\n                &#13;\n            <\/p>\n<p>&#13;<\/p>\n<p>Resort<\/p>\n<p dir=\"ltr\"><strong>PENAFIEL Ponto C. Dia 9\/6, \u00e0s 21h30. M\/16. 9\u20ac a 12\u20ac<\/strong><\/p>\n<p dir=\"ltr\">Seja nos (bem-sucedidos) v\u00eddeos online ou nas apari\u00e7\u00f5es televisivas, o seu estilo \u00e9 bem conhecido: sotaque do Norte, nada de papas na l\u00edngua, tabus zero, descaramento q.b. e muito humor. Beatriz Gosta, a personagem criada por Marta Bateira, aventura-se noutro solo de com\u00e9dia stand-up: Resort. Apresentado como um \u201cmomento de pausa e reflex\u00e3o que pode ser visto como f\u00e9rias, retiro ou escapismo, misturado com uma pitadinha de burnout\u201d, traz na bagagem diversos desafios de uma vida \u201cvirada do avesso\u201d. Exerc\u00edcio f\u00edsico, autoestima, implantes de silicone, priva\u00e7\u00e3o de sono, viroses dos infant\u00e1rios e \u201ca toxicidade das redes sociais\u201d s\u00e3o alguns dos temas abordados.<\/p>\n<p>Conversas de Galeria<\/p>\n<p dir=\"ltr\"><strong>PORTO Galeria Municipal do Porto. Dia 9\/6, \u00e0s 19h. Entrada livre<\/strong><\/p>\n<p dir=\"ltr\">Em Junho, o ciclo de conversas mensais que se debru\u00e7a sobre a import\u00e2ncia da arte na vida tem como convidado o core\u00f3grafo Marco da Silva Ferreira. Natural de Santa Maria da Feira e formado em fisioterapia, seguiu uma \u201cjornada imprevis\u00edvel\u201d (e reconhecida) na dan\u00e7a e nas artes performativas.<\/p>\n<p>        &#13;<\/p>\n<p>&#13;<br \/>\n                &#13;\n            <\/p>\n<p>&#13;<\/p>\n<p>Damas da Noite<\/p>\n<p dir=\"ltr\"><strong>LOUL\u00c9 Cineteatro Louletano. Dia 9\/6, \u00e0s 21h. M\/16. 10\u20ac<\/strong><\/p>\n<p dir=\"ltr\">Elmano Sancho retorna a um universo que esbate as fronteiras entre realidade e fic\u00e7\u00e3o. Ensaia uma identidade alternativa: a que teria se tivesse nascido mulher, como os pais esperavam. Emerge assim, com recurso ao \u201cmundo fascinante e provocador\u201d do transformismo, a figura de Cle\u00f3patra e, com ela, um questionamento da alteridade atrav\u00e9s do g\u00e9nero. O nome da pe\u00e7a vai buscar inspira\u00e7\u00e3o \u00e0s flores que abrem de noite, num paralelo com a realidade dos artistas transformistas, feita de um jogo de rela\u00e7\u00f5es e mat\u00e9rias fluidas, \u201crevelando o outro que somos, o estrangeiro que albergamos\u201d, explica a sinopse.<\/p>\n","protected":false},"excerpt":{"rendered":"The Simon &amp; Garfunkel Story LISBOA Teatro Tivoli BBVA. Dia 9\/6, \u00e0s 21h. M\/6. 25\u20ac a 60\u20ac O&hellip;\n","protected":false},"author":2,"featured_media":411568,"comment_status":"","ping_status":"","sticky":false,"template":"","format":"standard","meta":{"footnotes":"","_share_on_mastodon":"0"},"categories":[85],"tags":[1632,67525,114,115,287,294,1633,542,32,33,291],"class_list":["post-411567","post","type-post","status-publish","format-standard","has-post-thumbnail","category-entretenimento","tag-agenda","tag-companhia-nacional-de-bailado","tag-entertainment","tag-entretenimento","tag-fugas","tag-lazer","tag-o-que-fazer","tag-para-redes","tag-portugal","tag-pt","tag-relaxar"],"share_on_mastodon":{"url":"https:\/\/pubeurope.com\/@pt\/116719980869469898","error":""},"_links":{"self":[{"href":"https:\/\/www.europesays.com\/pt\/wp-json\/wp\/v2\/posts\/411567","targetHints":{"allow":["GET"]}}],"collection":[{"href":"https:\/\/www.europesays.com\/pt\/wp-json\/wp\/v2\/posts"}],"about":[{"href":"https:\/\/www.europesays.com\/pt\/wp-json\/wp\/v2\/types\/post"}],"author":[{"embeddable":true,"href":"https:\/\/www.europesays.com\/pt\/wp-json\/wp\/v2\/users\/2"}],"replies":[{"embeddable":true,"href":"https:\/\/www.europesays.com\/pt\/wp-json\/wp\/v2\/comments?post=411567"}],"version-history":[{"count":0,"href":"https:\/\/www.europesays.com\/pt\/wp-json\/wp\/v2\/posts\/411567\/revisions"}],"wp:featuredmedia":[{"embeddable":true,"href":"https:\/\/www.europesays.com\/pt\/wp-json\/wp\/v2\/media\/411568"}],"wp:attachment":[{"href":"https:\/\/www.europesays.com\/pt\/wp-json\/wp\/v2\/media?parent=411567"}],"wp:term":[{"taxonomy":"category","embeddable":true,"href":"https:\/\/www.europesays.com\/pt\/wp-json\/wp\/v2\/categories?post=411567"},{"taxonomy":"post_tag","embeddable":true,"href":"https:\/\/www.europesays.com\/pt\/wp-json\/wp\/v2\/tags?post=411567"}],"curies":[{"name":"wp","href":"https:\/\/api.w.org\/{rel}","templated":true}]}}