{"id":41157,"date":"2025-08-23T04:32:16","date_gmt":"2025-08-23T04:32:16","guid":{"rendered":"https:\/\/www.europesays.com\/pt\/41157\/"},"modified":"2025-08-23T04:32:16","modified_gmt":"2025-08-23T04:32:16","slug":"luciana-gimenez-rebate-internauta-apos-critica-a-aparencia-de-lucas-jagger","status":"publish","type":"post","link":"https:\/\/www.europesays.com\/pt\/41157\/","title":{"rendered":"Luciana Gimenez rebate internauta ap\u00f3s cr\u00edtica \u00e0 apar\u00eancia de Lucas Jagger"},"content":{"rendered":"<p class=\"my-5 break-words group-[.isActiveSource]:text-xl\">A apresentadora<strong class=\"group-[.isActiveSource]:text-xl group-[.isActiveSource]:font-bold\"> Luciana Gimenez<\/strong>, 55, rebateu um internauta ap\u00f3s o mesmo ter <strong class=\"group-[.isActiveSource]:text-xl group-[.isActiveSource]:font-bold\">criticado a apar\u00eancia de seu filho, Lucas Jagger<\/strong>, 26, nas redes sociais.<\/p>\n<p class=\"pf0 my-5 break-words group-[.isActiveSource]:text-xl\">Nos cliques, Lucas aparece curtindo as f\u00e9rias em Portugal ao lado do pai, o cantor <strong class=\"group-[.isActiveSource]:text-xl group-[.isActiveSource]:font-bold\">Mick Jagger<\/strong>, 82. O jovem mostrou detalhes da viagem e tamb\u00e9m brincou com o fato de conhecerem uma vin\u00edcola portuguesa mesmo sem beber vinho. <\/p>\n<p class=\"pf0 my-5 break-words group-[.isActiveSource]:text-xl\">Por\u00e9m, um dos coment\u00e1rios tratava a apar\u00eancia de Lucas como algo &#8220;esquisito&#8221;, o que deixou a apresentadora extremamente desconfort\u00e1vel. <strong class=\"group-[.isActiveSource]:text-xl group-[.isActiveSource]:font-bold\">&#8220;Pode ser famoso, filho de quem \u00e9, mas que \u00e9 um menino estranho, \u00e9&#8221;<\/strong>, escreveu um usu\u00e1rio no Instagram.<\/p>\n<p class=\"pf0 my-5 break-words group-[.isActiveSource]:text-xl\">Em seguida, Luciana prontamente respondeu o coment\u00e1rio, no qual frisa a falta de educa\u00e7\u00e3o do internauta. <strong class=\"group-[.isActiveSource]:text-xl group-[.isActiveSource]:font-bold\">&#8220;Querida, coloca a foto dos seus parentes. Vai chamar os seus de estranhos. Mal educada&#8221;<\/strong>, escreveu a apresentadora. Depois, v\u00e1rios seguidores partiram em defesa de Lucas e de sua m\u00e3e.<\/p>\n<p class=\"my-5 break-words group-[.isActiveSource]:text-xl my-5 break-words group-[.isActiveSource]:text-xl\">Enquanto o primog\u00eanito\u00a0<a class=\"text-red-600 underline hover:text-red-500 font-medium break-words group-[.isActiveSource]:text-xl\" href=\"https:\/\/www.cnnbrasil.com.br\/entretenimento\/luciana-gimenez-ganha-visita-especial-de-filho-com-mick-jagger-no-trabalho\/\" target=\"_self\" rel=\"nofollow noopener\">Lucas Maurice Morad Jagger \u00e9 filho da apresentadora com o cantor brit\u00e2nico Mick Jagger<\/a>, 81, o ca\u00e7ula de Luciana Gimenez,\u00a0<strong class=\"group-[.isActiveSource]:text-xl group-[.isActiveSource]:font-bold group-[.isActiveSource]:text-xl group-[.isActiveSource]:font-bold group-[.isActiveSource]:text-xl group-[.isActiveSource]:font-bold\">Lorenzo Gabriel<\/strong>, 13, \u00e9 fruto do atual casamento de Gimenez com Marcelo de Carvalho, 63.<\/p>\n<p class=\"my-5 break-words group-[.isActiveSource]:text-xl my-5 break-words group-[.isActiveSource]:text-xl\">Lenda viva do rock e eterno frontman dos Rolling Stones,<strong class=\"group-[.isActiveSource]:text-xl group-[.isActiveSource]:font-bold group-[.isActiveSource]:text-xl group-[.isActiveSource]:font-bold group-[.isActiveSource]:text-xl group-[.isActiveSource]:font-bold\">\u00a0Mick Jagger\u00a0<\/strong><a class=\"text-red-600 underline hover:text-red-500 font-medium break-words group-[.isActiveSource]:text-xl\" href=\"https:\/\/www.cnnbrasil.com.br\/entretenimento\/mick-jagger-faz-82-anos-relembre-affair-bombastico-com-luciana-gimenez\/\" target=\"_self\" rel=\"nofollow noopener\">viveu um breve relacionamento com ex-modelo e apresentadora brasileira<\/a>. Da rela\u00e7\u00e3o nasceu o quinto dos\u00a0<strong class=\"group-[.isActiveSource]:text-xl group-[.isActiveSource]:font-bold group-[.isActiveSource]:text-xl group-[.isActiveSource]:font-bold\">oito filhos<\/strong>\u00a0da dinastia Jagger.<\/p>\n","protected":false},"excerpt":{"rendered":"A apresentadora Luciana Gimenez, 55, rebateu um internauta ap\u00f3s o mesmo ter criticado a apar\u00eancia de seu filho,&hellip;\n","protected":false},"author":2,"featured_media":41158,"comment_status":"","ping_status":"","sticky":false,"template":"","format":"standard","meta":{"footnotes":""},"categories":[145],"tags":[211,210,114,115,32,33],"class_list":{"0":"post-41157","1":"post","2":"type-post","3":"status-publish","4":"format-standard","5":"has-post-thumbnail","7":"category-celebridades","8":"tag-celebridades","9":"tag-celebrities","10":"tag-entertainment","11":"tag-entretenimento","12":"tag-portugal","13":"tag-pt"},"share_on_mastodon":{"url":"","error":""},"_links":{"self":[{"href":"https:\/\/www.europesays.com\/pt\/wp-json\/wp\/v2\/posts\/41157","targetHints":{"allow":["GET"]}}],"collection":[{"href":"https:\/\/www.europesays.com\/pt\/wp-json\/wp\/v2\/posts"}],"about":[{"href":"https:\/\/www.europesays.com\/pt\/wp-json\/wp\/v2\/types\/post"}],"author":[{"embeddable":true,"href":"https:\/\/www.europesays.com\/pt\/wp-json\/wp\/v2\/users\/2"}],"replies":[{"embeddable":true,"href":"https:\/\/www.europesays.com\/pt\/wp-json\/wp\/v2\/comments?post=41157"}],"version-history":[{"count":0,"href":"https:\/\/www.europesays.com\/pt\/wp-json\/wp\/v2\/posts\/41157\/revisions"}],"wp:featuredmedia":[{"embeddable":true,"href":"https:\/\/www.europesays.com\/pt\/wp-json\/wp\/v2\/media\/41158"}],"wp:attachment":[{"href":"https:\/\/www.europesays.com\/pt\/wp-json\/wp\/v2\/media?parent=41157"}],"wp:term":[{"taxonomy":"category","embeddable":true,"href":"https:\/\/www.europesays.com\/pt\/wp-json\/wp\/v2\/categories?post=41157"},{"taxonomy":"post_tag","embeddable":true,"href":"https:\/\/www.europesays.com\/pt\/wp-json\/wp\/v2\/tags?post=41157"}],"curies":[{"name":"wp","href":"https:\/\/api.w.org\/{rel}","templated":true}]}}