{"id":41159,"date":"2025-08-23T04:35:15","date_gmt":"2025-08-23T04:35:15","guid":{"rendered":"https:\/\/www.europesays.com\/pt\/41159\/"},"modified":"2025-08-23T04:35:15","modified_gmt":"2025-08-23T04:35:15","slug":"traicao-de-maria-de-fatima-e-descoberta-em-vale-tudo-e-web-vibra","status":"publish","type":"post","link":"https:\/\/www.europesays.com\/pt\/41159\/","title":{"rendered":"Trai\u00e7\u00e3o de Maria de F\u00e1tima \u00e9 descoberta em Vale Tudo e web vibra"},"content":{"rendered":"<p>              Reprodu\u00e7\u00e3o\/ Globo&#13;<br \/>\nBella Campos e Humberto Carr\u00e3o em Vale Tudo&#13;<\/p>\n<p class=\"texto\">Nesta quinta-feira (21), finalmente, Afonso Roitman (Humberto Carr\u00e3o) descobriu a trai\u00e7\u00e3o da sua esposa, Maria de F\u00e1tima (Bella Campos), com C\u00e9sar Ribeiro (Cau\u00e3 Reymond). Em uma sequ\u00eancia marcada por gritos, socos e muita confus\u00e3o, os internautas se empolgaram.<\/p>\n<p class=\"texto\">&#8220;C\u00e9sar \u00e9 um bund\u00e3o mesmo, hein&#8221;, &#8220;Apanhou pouco, queria mais&#8221;, &#8220;Bella Campos vem evoluindo muito como atriz&#8221;, &#8220;C\u00e9sar apanha de todos porque n\u00e3o transa viol\u00eancia, combina com a Odete que tamb\u00e9m apanha de todos&#8221;, &#8220;Um brutamonte desse tamanho igual o C\u00e9sar deitando pro Afonso kkk e preocupado porque sangrou e trabalha com a imagem rsrsrs foi engra\u00e7ado&#8221;, foram alguns coment\u00e1rios.<\/p>\n<p class=\"texto\">Recentemente, a cena em que Raquel (Ta\u00eds Ara\u00fajo) d\u00e1 uma bofetada em Odete Roitman (Debora Bloch) ap\u00f3s ser v\u00edtima de racismo, tamb\u00e9m gerou coment\u00e1rios na rede social X<strong>.<\/strong><\/p>\n<p class=\"texto\">&#8220;Esperava mais, Manuela Dias&#8221;, &#8220;Se fosse uma novela da Gl\u00f3ria Perez ou do Walcyr Carrasco essa cena teria sido A CENA e a SURRA. Manuela Days entrega sempre horrores&#8221;, &#8220;Achei esse tapa muito simples, era no m\u00ednimo tr\u00eas tap\u00f5es e uma bicuda&#8221;, dispararam.<\/p>\n<p>&#13;<\/p>\n<blockquote class=\"twitter-tweet\" data-width=\"550\" data-dnt=\"true\"><p>&#13;<\/p>\n<p dir=\"ltr\" lang=\"pt\">HUMBERTO CARR\u00c3O ATOR DO ANO #ValeTudo pic.twitter.com\/MtKspOCMIM<\/p>\n<p>&#13;<br \/>\n\u2014 sarah ???? (@sahhtwita_) August 22, 2025<\/p><\/blockquote>\n<p>&#13;<\/p>\n<p>&#13;<\/p>\n<blockquote class=\"twitter-tweet\" data-width=\"550\" data-dnt=\"true\"><p>&#13;<\/p>\n<p dir=\"ltr\" lang=\"pt\">A Manuela Dias s\u00f3 deve ter mantido esse bord\u00e3o datado por essa cena e funcionou legal kkkkkk #ValeTudo https:\/\/t.co\/Fl1wWzEroG<\/p>\n<p>&#13;<br \/>\n\u2014 Iza (@euleteira) August 22, 2025<\/p><\/blockquote>\n<p>&#13;<\/p>\n<p>&#13;<\/p>\n<blockquote class=\"twitter-tweet\" data-width=\"550\" data-dnt=\"true\"><p>&#13;<\/p>\n<p dir=\"ltr\" lang=\"pt\">Fatima roitman muito Burra nadou tanto pra morrer na Areia<\/p>\n<p>&#13;<\/p>\n<p class=\"texto\">\u00a0<\/p>\n<p>&#13;<\/p>\n<p class=\"texto\">#ValeTudo pic.twitter.com\/CVzy0vh2z7<\/p>\n<p>&#13;<br \/>\n\u2014 ???????????????????????? ?? ???????? (@sozziieu) August 22, 2025<\/p><\/blockquote>\n<p>&#13;<\/p>\n<p>&#13;<\/p>\n<blockquote class=\"twitter-tweet\" data-width=\"550\" data-dnt=\"true\"><p>&#13;<\/p>\n<p dir=\"ltr\" lang=\"pt\">vamos falar sobre a beleza do carr\u00e3o nesse cap\u00edtulo, um corno mas um BELO CORNO #ValeTudo pic.twitter.com\/KM31LcqIKu<\/p>\n<p>&#13;<br \/>\n\u2014 marianne (@dieckdman) August 22, 2025<\/p><\/blockquote>\n<p>&#13;<\/p>\n<p>&#13;<\/p>\n<blockquote class=\"twitter-tweet\" data-width=\"550\" data-dnt=\"true\"><p>&#13;<\/p>\n<p dir=\"ltr\" lang=\"pt\">Se o Humberto Carr\u00e3o fizer mais um papel de rico bonzinho, que leva golpe e sai de testa enfeitada, j\u00e1 pode pedir m\u00fasica no Fant\u00e1stico. Quem viu Todas as Flores sabe bem do que eu t\u00f4 falando.#ValeTudo pic.twitter.com\/lIf4sTbHfJ<\/p>\n<p>&#13;<br \/>\n\u2014 Leh\/\/ ????:A \u00faltima carta (@letfrez) August 22, 2025<\/p><\/blockquote>\n<p>&#13;<\/p>\n<p class=\"texto\">O post Maria de F\u00e1tima cai em desgra\u00e7a em Vale Tudo e web vibra: \u2018Apanhou pouco\u2019 foi publicado primeiro em Observat\u00f3rio dos Famosos.<\/p>\n<p>                            <a href=\"https:\/\/www.correiobraziliense.com.br\/autor\/observatorio-dos-famosos\/page\/1\/\" style=\"height: 100%;\" rel=\"nofollow noopener\" target=\"_blank\"><img decoding=\"async\" class=\"hidden-print author-circle d-block h6 mt-0 mb-0 mr-6 text-center\" src=\"https:\/\/www.europesays.com\/pt\/wp-content\/uploads\/2025\/07\/logo_observatorio_dos_famosos-29028262.png\" alt=\"\" width=\"40\" height=\"40\" loading=\"lazy\" style=\"object-fit:cover; width: 40px; height: 40px; margin-right:10px;\"\/><\/a><a href=\"https:\/\/www.correiobraziliense.com.br\/autor\/observatorio-dos-famosos\/page\/1\/\" rel=\"nofollow noopener\" target=\"_blank\"><img decoding=\"async\" class=\"hidden-print author-circle d-block h6 mt-0 mb-0 mr-6 text-center\" src=\"https:\/\/www.europesays.com\/pt\/wp-content\/uploads\/2025\/07\/logo_observatorio_dos_famosos-29028262.png\" alt=\"\" width=\"40\" height=\"40\" loading=\"lazy\" style=\"object-fit:cover; width: 40px; height: 40px; margin-right:10px;\"\/><\/a>Observat\u00f3rio dos Famosos  <strong class=\"entryStrongAuthor\"\/><\/p>\n<p>                          <script async src=\"https:\/\/platform.twitter.com\/widgets.js\" charset=\"utf-8\"><\/script><\/p>\n","protected":false},"excerpt":{"rendered":"Reprodu\u00e7\u00e3o\/ Globo&#13; Bella Campos e Humberto Carr\u00e3o em Vale Tudo&#13; Nesta quinta-feira (21), finalmente, Afonso Roitman (Humberto Carr\u00e3o)&hellip;\n","protected":false},"author":2,"featured_media":41160,"comment_status":"","ping_status":"","sticky":false,"template":"","format":"standard","meta":{"footnotes":""},"categories":[142],"tags":[114,115,32,33,151],"class_list":{"0":"post-41159","1":"post","2":"type-post","3":"status-publish","4":"format-standard","5":"has-post-thumbnail","7":"category-tv","8":"tag-entertainment","9":"tag-entretenimento","10":"tag-portugal","11":"tag-pt","12":"tag-tv"},"share_on_mastodon":{"url":"","error":""},"_links":{"self":[{"href":"https:\/\/www.europesays.com\/pt\/wp-json\/wp\/v2\/posts\/41159","targetHints":{"allow":["GET"]}}],"collection":[{"href":"https:\/\/www.europesays.com\/pt\/wp-json\/wp\/v2\/posts"}],"about":[{"href":"https:\/\/www.europesays.com\/pt\/wp-json\/wp\/v2\/types\/post"}],"author":[{"embeddable":true,"href":"https:\/\/www.europesays.com\/pt\/wp-json\/wp\/v2\/users\/2"}],"replies":[{"embeddable":true,"href":"https:\/\/www.europesays.com\/pt\/wp-json\/wp\/v2\/comments?post=41159"}],"version-history":[{"count":0,"href":"https:\/\/www.europesays.com\/pt\/wp-json\/wp\/v2\/posts\/41159\/revisions"}],"wp:featuredmedia":[{"embeddable":true,"href":"https:\/\/www.europesays.com\/pt\/wp-json\/wp\/v2\/media\/41160"}],"wp:attachment":[{"href":"https:\/\/www.europesays.com\/pt\/wp-json\/wp\/v2\/media?parent=41159"}],"wp:term":[{"taxonomy":"category","embeddable":true,"href":"https:\/\/www.europesays.com\/pt\/wp-json\/wp\/v2\/categories?post=41159"},{"taxonomy":"post_tag","embeddable":true,"href":"https:\/\/www.europesays.com\/pt\/wp-json\/wp\/v2\/tags?post=41159"}],"curies":[{"name":"wp","href":"https:\/\/api.w.org\/{rel}","templated":true}]}}