{"id":41169,"date":"2025-08-23T04:46:21","date_gmt":"2025-08-23T04:46:21","guid":{"rendered":"https:\/\/www.europesays.com\/pt\/41169\/"},"modified":"2025-08-23T04:46:21","modified_gmt":"2025-08-23T04:46:21","slug":"ex-bailarina-do-faustao-afirma-ter-sido-humilhada-apos-foto-ao-la","status":"publish","type":"post","link":"https:\/\/www.europesays.com\/pt\/41169\/","title":{"rendered":"Ex-bailarina do Faust\u00e3o afirma ter sido humilhada ap\u00f3s foto ao la"},"content":{"rendered":"<p>A bailarina <a href=\"https:\/\/www.otempo.com.br\/entretenimento\/2025\/8\/22\/menor-de-idade-filho-de-faustao-aparece-com-ex-bailarina-de-34-anos-e-gera-especulacoes\" rel=\"nofollow noopener\" target=\"_blank\"><strong>Daia de Paula<\/strong><\/a>, de 36 anos, afirmou que est\u00e1 recebendo v\u00e1rios ataques ap\u00f3s aparecer ao lado de <strong>Rodrigo Silva<\/strong>, 17, ca\u00e7ula de <a href=\"https:\/\/www.otempo.com.br\/super-noticia\/famosos\/2025\/8\/18\/faustao-recebe-alta-da-uti-apos-transplante-de-figado-e-retransplante-de-rim\" rel=\"nofollow noopener\" target=\"_blank\"><strong>Faust\u00e3o<\/strong><\/a>. Em suas redes sociais, a dan\u00e7arina afirmou que est\u00e1 sendo condenada por parte da internet e que est\u00e1 com a consci\u00eancia tranquila.<\/p>\n<p>&#8220;Eu nunca fui t\u00e3o amea\u00e7ada, xingada, humilhada por voc\u00eas aqui na internet. Que loucura, como as pessoas gostam de julgar a gente&#8221;, escreveu ela.<\/p>\n<p><strong>Daia de Paula<\/strong> tamb\u00e9m fez refer\u00eancia a den\u00fancia do influenciador <strong>Felca<\/strong> sobre a adultiza\u00e7\u00e3o de menores de idade. &#8220;Daqui a pouco eu posso estar sendo presa. O Felca pode estar batendo na minha casa&#8221;, disse a famosa.<\/p>\n<p>Por fim, a dan\u00e7arina disse n\u00e3o temer os ataques e que est\u00e1 com a consci\u00eancia tranquila quanto aos seus atos. &#8220;Gra\u00e7as a Deus nada me abala, porque tenho Deus e minha consci\u00eancia muito tranquila. Eu sei que essa not\u00edcia foi prato cheio pra muita gente&#8221;, completou <strong>Daia de Paula.<\/strong><\/p>\n<p>\u00a0<\/p>\n<blockquote class=\"instagram-media\" style=\"background: #FFF; border: 0; border-radius: 3px; box-shadow: 0 0 1px 0 rgba(0,0,0,0.5),0 1px 10px 0 rgba(0,0,0,0.15); margin: 1px; max-width: 540px; min-width: 326px; padding: 0; width: calc(100% - 2px);\" data-instgrm-captioned=\"\" data-instgrm-permalink=\"https:\/\/www.instagram.com\/p\/DNkxOa1ueKz\/?utm_source=ig_embed&amp;utm_campaign=loading\" data-instgrm-version=\"14\"><p>&#13;<br \/>\n&#13;\n<\/p><\/blockquote>\n<p>            <script async src=\"\/\/www.instagram.com\/embed.js\"><\/script><\/p>\n","protected":false},"excerpt":{"rendered":"A bailarina Daia de Paula, de 36 anos, afirmou que est\u00e1 recebendo v\u00e1rios ataques ap\u00f3s aparecer ao lado&hellip;\n","protected":false},"author":2,"featured_media":41170,"comment_status":"","ping_status":"","sticky":false,"template":"","format":"standard","meta":{"footnotes":""},"categories":[145],"tags":[211,210,12543,114,115,6456,32,33,8188],"class_list":{"0":"post-41169","1":"post","2":"type-post","3":"status-publish","4":"format-standard","5":"has-post-thumbnail","7":"category-celebridades","8":"tag-celebridades","9":"tag-celebrities","10":"tag-daia-de-paula","11":"tag-entertainment","12":"tag-entretenimento","13":"tag-faustao","14":"tag-portugal","15":"tag-pt","16":"tag-rodrigo-silva"},"share_on_mastodon":{"url":"","error":""},"_links":{"self":[{"href":"https:\/\/www.europesays.com\/pt\/wp-json\/wp\/v2\/posts\/41169","targetHints":{"allow":["GET"]}}],"collection":[{"href":"https:\/\/www.europesays.com\/pt\/wp-json\/wp\/v2\/posts"}],"about":[{"href":"https:\/\/www.europesays.com\/pt\/wp-json\/wp\/v2\/types\/post"}],"author":[{"embeddable":true,"href":"https:\/\/www.europesays.com\/pt\/wp-json\/wp\/v2\/users\/2"}],"replies":[{"embeddable":true,"href":"https:\/\/www.europesays.com\/pt\/wp-json\/wp\/v2\/comments?post=41169"}],"version-history":[{"count":0,"href":"https:\/\/www.europesays.com\/pt\/wp-json\/wp\/v2\/posts\/41169\/revisions"}],"wp:featuredmedia":[{"embeddable":true,"href":"https:\/\/www.europesays.com\/pt\/wp-json\/wp\/v2\/media\/41170"}],"wp:attachment":[{"href":"https:\/\/www.europesays.com\/pt\/wp-json\/wp\/v2\/media?parent=41169"}],"wp:term":[{"taxonomy":"category","embeddable":true,"href":"https:\/\/www.europesays.com\/pt\/wp-json\/wp\/v2\/categories?post=41169"},{"taxonomy":"post_tag","embeddable":true,"href":"https:\/\/www.europesays.com\/pt\/wp-json\/wp\/v2\/tags?post=41169"}],"curies":[{"name":"wp","href":"https:\/\/api.w.org\/{rel}","templated":true}]}}