{"id":41213,"date":"2025-08-23T05:38:24","date_gmt":"2025-08-23T05:38:24","guid":{"rendered":"https:\/\/www.europesays.com\/pt\/41213\/"},"modified":"2025-08-23T05:38:24","modified_gmt":"2025-08-23T05:38:24","slug":"carlos-vicens-ainda-nao-sei-nada-da-lesao-de-ricardo-horta","status":"publish","type":"post","link":"https:\/\/www.europesays.com\/pt\/41213\/","title":{"rendered":"Carlos Vicens: \u00abAinda n\u00e3o sei nada da les\u00e3o de Ricardo Horta\u00bb"},"content":{"rendered":"<p style=\"margin-bottom:11px\"><strong>Declara\u00e7\u00f5es de Carlos Vicens, treinador do Sporting de Braga, em confer\u00eancia de imprensa, ap\u00f3s a vit\u00f3ria da equipa portuguesa frente ao Lincoln Red Imps, na primeira m\u00e3o do play-off de acesso \u00e0 fase liga da Liga Europa, disputada esta quinta-feira, 21 de Agosto, no Est\u00e1dio Algarve.<\/strong><\/p>\n<p>[Contente com o resultado que praticamente coloca o Braga na pr\u00f3xima fase?]<\/p>\n<p>\u00abSim, contente, mas conscientes tamb\u00e9m de que sofremos algumas situa\u00e7\u00f5es que temos de corrigir tamb\u00e9m. No geral, estou contente. Acho que a segunda parte foi melhor do que a primeira e o foco agora est\u00e1 no jogo deste fim de semana.<\/p>\n<p>[Foi mais complicado preparar este jogo pelo facto de o advers\u00e1rio jogar de forma mais fechada?]<\/p>\n<p>Cada rival tem coisas distintas. Tratamos de preparar-nos o melhor poss\u00edvel para as eventualidades que o jogo nos pode apresentar. Ajudamos os jogadores para arranjar as melhores solu\u00e7\u00f5es, mas cada partida \u00e9 distinta. Aqui sab\u00edamos que era uma eliminat\u00f3ria tamb\u00e9m.<\/p>\n<p>[O que j\u00e1 se sabe da les\u00e3o do Ricardo Horta?]<\/p>\n<p>Ainda n\u00e3o sei nada. Sentiu algo, decidiu sair e vamos ver o que diz o departamento m\u00e9dico.\u00bb<\/p>\n","protected":false},"excerpt":{"rendered":"Declara\u00e7\u00f5es de Carlos Vicens, treinador do Sporting de Braga, em confer\u00eancia de imprensa, ap\u00f3s a vit\u00f3ria da equipa&hellip;\n","protected":false},"author":2,"featured_media":41214,"comment_status":"","ping_status":"","sticky":false,"template":"","format":"standard","meta":{"footnotes":""},"categories":[87],"tags":[1912,135,137,46,32,33,47,12548,134],"class_list":{"0":"post-41213","1":"post","2":"type-post","3":"status-publish","4":"format-standard","5":"has-post-thumbnail","7":"category-desporto","8":"tag-braga","9":"tag-desporto","10":"tag-liga-europa","11":"tag-maisfutebol","12":"tag-portugal","13":"tag-pt","14":"tag-pura-paixao","15":"tag-sporting-de-braga","16":"tag-sports"},"share_on_mastodon":{"url":"","error":""},"_links":{"self":[{"href":"https:\/\/www.europesays.com\/pt\/wp-json\/wp\/v2\/posts\/41213","targetHints":{"allow":["GET"]}}],"collection":[{"href":"https:\/\/www.europesays.com\/pt\/wp-json\/wp\/v2\/posts"}],"about":[{"href":"https:\/\/www.europesays.com\/pt\/wp-json\/wp\/v2\/types\/post"}],"author":[{"embeddable":true,"href":"https:\/\/www.europesays.com\/pt\/wp-json\/wp\/v2\/users\/2"}],"replies":[{"embeddable":true,"href":"https:\/\/www.europesays.com\/pt\/wp-json\/wp\/v2\/comments?post=41213"}],"version-history":[{"count":0,"href":"https:\/\/www.europesays.com\/pt\/wp-json\/wp\/v2\/posts\/41213\/revisions"}],"wp:featuredmedia":[{"embeddable":true,"href":"https:\/\/www.europesays.com\/pt\/wp-json\/wp\/v2\/media\/41214"}],"wp:attachment":[{"href":"https:\/\/www.europesays.com\/pt\/wp-json\/wp\/v2\/media?parent=41213"}],"wp:term":[{"taxonomy":"category","embeddable":true,"href":"https:\/\/www.europesays.com\/pt\/wp-json\/wp\/v2\/categories?post=41213"},{"taxonomy":"post_tag","embeddable":true,"href":"https:\/\/www.europesays.com\/pt\/wp-json\/wp\/v2\/tags?post=41213"}],"curies":[{"name":"wp","href":"https:\/\/api.w.org\/{rel}","templated":true}]}}