{"id":412454,"date":"2026-06-10T02:54:17","date_gmt":"2026-06-10T02:54:17","guid":{"rendered":"https:\/\/www.europesays.com\/pt\/412454\/"},"modified":"2026-06-10T02:54:17","modified_gmt":"2026-06-10T02:54:17","slug":"catarina-miranda-abre-o-coracao-sobre-ultimos-dias-a-vida-nao-tem-sido-facil","status":"publish","type":"post","link":"https:\/\/www.europesays.com\/pt\/412454\/","title":{"rendered":"Catarina Miranda abre o cora\u00e7\u00e3o sobre \u00faltimos dias: &#8220;A vida n\u00e3o tem sido f\u00e1cil&#8221;"},"content":{"rendered":"<p>Volvida aproximadamente uma semana sobre o confronto com Afonso Leit\u00e3o, em plena gala de &#8220;Secret Story &#8211; Desafio Final&#8221;, <a href=\"https:\/\/selfie.iol.pt\/famosos\/catarina-miranda\/catarina-miranda-responde-sem-rodeios-tenho-muito-medo-de-morrer\/20260605\/6a22d661d34edcee7c64fb2a\" rel=\"noopener noreferrer nofollow\" target=\"_blank\">Catarina Miranda<\/a> falou &#8220;sobre os \u00faltimos dias&#8221;.<\/p>\n<p>Numa mensagem publicada no Instagram, esta ter\u00e7a-feira, dia 9, a agora ex-namorada do concorrente do reality show da <a href=\"https:\/\/tvi.iol.pt\/\" rel=\"noopener noreferrer nofollow\" target=\"_blank\">TVI<\/a> deixou uma confid\u00eancia. &#8220;A vida n\u00e3o tem sido f\u00e1cil ultimamente, mas continuo aqui, a fazer o melhor que consigo com o que tenho&#8221;, escreveu.<\/p>\n<p>No fim, Catarina Miranda deixou palavras que podem ser entendidas como o lema que est\u00e1 a seguir: &#8220;Foco, for\u00e7a e f\u00e9&#8221;.<\/p>\n<p>Veja, agora, v\u00eddeos de <a href=\"https:\/\/selfie.iol.pt\/famosos\/casa-dos-segredos\/nufla-ja-sabe-o-que-realmente-aconteceu-entre-catarina-miranda-e-afonso-leitao-e-destaca-gesto-do-jovem\/20260608\/6a26db47d34edcee7c650fa4\" rel=\"noopener noreferrer nofollow\" target=\"_blank\">Afonso Leit\u00e3o<\/a> em &#8220;<a href=\"https:\/\/tvi.iol.pt\/secretstory\/\" rel=\"noopener noreferrer nofollow\" target=\"_blank\">Secret Story<\/a> &#8211; Desafio Final&#8221;.<\/p>\n<p>  <img loading=\"lazy\" decoding=\"async\" alt=\"Catarina Miranda\" class=\"internal-pic\" height=\"888\" id=\"6a28697cd34e28842c84fda3\" src=\"https:\/\/www.europesays.com\/pt\/wp-content\/uploads\/2026\/06\/6a28697cd34e28842c84fda3.webp\" width=\"500\"\/> <\/p>\n","protected":false},"excerpt":{"rendered":"Volvida aproximadamente uma semana sobre o confronto com Afonso Leit\u00e3o, em plena gala de &#8220;Secret Story &#8211; Desafio&hellip;\n","protected":false},"author":2,"featured_media":412455,"comment_status":"","ping_status":"","sticky":false,"template":"","format":"standard","meta":{"footnotes":"","_share_on_mastodon":"0"},"categories":[142],"tags":[2031,2632,15384,342,6338,15383,114,115,6309,980,1015,619,32,33,1014,1315,6985,15382,1012,6986,151,162],"class_list":["post-412454","post","type-post","status-publish","format-standard","has-post-thumbnail","category-tv","tag-afonso-leitao","tag-casa-dos-segredos","tag-casa-dos-segredos-desafio-final","tag-catarina-miranda","tag-concorrente","tag-desafio-final","tag-entertainment","tag-entretenimento","tag-ex-concorrente","tag-famosos","tag-instagram","tag-nacional","tag-portugal","tag-pt","tag-reality-show","tag-secret-story","tag-secret-story-casa-dos-segredos","tag-secret-story-desafio-final","tag-selfie","tag-ss","tag-tv","tag-tvi"],"share_on_mastodon":{"url":"https:\/\/pubeurope.com\/@pt\/116723559497770638","error":""},"_links":{"self":[{"href":"https:\/\/www.europesays.com\/pt\/wp-json\/wp\/v2\/posts\/412454","targetHints":{"allow":["GET"]}}],"collection":[{"href":"https:\/\/www.europesays.com\/pt\/wp-json\/wp\/v2\/posts"}],"about":[{"href":"https:\/\/www.europesays.com\/pt\/wp-json\/wp\/v2\/types\/post"}],"author":[{"embeddable":true,"href":"https:\/\/www.europesays.com\/pt\/wp-json\/wp\/v2\/users\/2"}],"replies":[{"embeddable":true,"href":"https:\/\/www.europesays.com\/pt\/wp-json\/wp\/v2\/comments?post=412454"}],"version-history":[{"count":0,"href":"https:\/\/www.europesays.com\/pt\/wp-json\/wp\/v2\/posts\/412454\/revisions"}],"wp:featuredmedia":[{"embeddable":true,"href":"https:\/\/www.europesays.com\/pt\/wp-json\/wp\/v2\/media\/412455"}],"wp:attachment":[{"href":"https:\/\/www.europesays.com\/pt\/wp-json\/wp\/v2\/media?parent=412454"}],"wp:term":[{"taxonomy":"category","embeddable":true,"href":"https:\/\/www.europesays.com\/pt\/wp-json\/wp\/v2\/categories?post=412454"},{"taxonomy":"post_tag","embeddable":true,"href":"https:\/\/www.europesays.com\/pt\/wp-json\/wp\/v2\/tags?post=412454"}],"curies":[{"name":"wp","href":"https:\/\/api.w.org\/{rel}","templated":true}]}}