{"id":412723,"date":"2026-06-10T11:21:39","date_gmt":"2026-06-10T11:21:39","guid":{"rendered":"https:\/\/www.europesays.com\/pt\/412723\/"},"modified":"2026-06-10T11:21:39","modified_gmt":"2026-06-10T11:21:39","slug":"ana-hickmann-se-declara-a-edu-guedes-e-comentario-de-fa-surpreende-meu-sonho-de-infancia-se-realizou-record","status":"publish","type":"post","link":"https:\/\/www.europesays.com\/pt\/412723\/","title":{"rendered":"Ana Hickmann se declara a Edu Guedes, e coment\u00e1rio de f\u00e3 surpreende: \u2018Meu sonho de inf\u00e2ncia se realizou\u2019 \u2013 Record"},"content":{"rendered":"<p><img decoding=\"async\" data-chromatic=\"ignore\" alt=\"\" class=\"c-image\" loading=\"lazy\" src=\"https:\/\/www.europesays.com\/pt\/wp-content\/uploads\/2026\/06\/WAPOU4PCL5BWTOY3YHVJPHPIV4.jpg\"  width=\"677\" height=\"369\"\/>Ana Hickamann se declara a Edu Guedes nas redes sociais Reprodu\u00e7\u00e3o\/Instagram <\/p>\n<p class=\"jarvics:base-text-neutral-high-400 xovem:base-text-dark-high-400 base-text-[calc(theme(fontSize.xs)_*_var(--font-size,_1))] base-font-normal base-font-primary base-text-neutral-low-500 base-text-left\">\u00c0s v\u00e9speras do <b>Dia dos Namorados (12 de junho)<\/b>, uma publica\u00e7\u00e3o da apresentadora do <a href=\"https:\/\/record.r7.com\/hoje-em-dia\/\" target=\"_self\" rel=\"nofollow noopener\" title=\"https:\/\/record.r7.com\/hoje-em-dia\/\"><b>Hoje em Dia<\/b><\/a>, <b>Ana Hickmann<\/b>, refor\u00e7ou que o amor est\u00e1 no ar. Ao lado do noivo, o chef de cozinha e tamb\u00e9m apresentador <b>Edu Guedes<\/b>, ela chamou aten\u00e7\u00e3o dos f\u00e3s com um carrossel de fotos e a declara\u00e7\u00e3o: \u2018Love you\u2019.<\/p>\n<p class=\"jarvics:base-text-neutral-high-400 xovem:base-text-dark-high-400 base-text-[calc(theme(fontSize.xs)_*_var(--font-size,_1))] base-font-normal base-font-primary base-text-neutral-low-500 base-text-left\">Os internautas foram \u00e0 loucura: \u201cLindos demais\u201d, disse uma f\u00e3. Enquanto outra que chegou a acompanhar a dupla no Hoje em Dia ainda crian\u00e7a vibrou: \u201cMeu sonho de inf\u00e2ncia se realizou\u201d.<\/p>\n<p class=\"jarvics:base-text-neutral-high-400 xovem:base-text-dark-high-400 base-text-[calc(theme(fontSize.xs)_*_var(--font-size,_1))] base-font-normal base-font-primary base-text-neutral-low-500 base-text-left\">De olho na proximidade do casamento, uma internauta j\u00e1 se antecipou: \u201cAnsiosa para ver as fotos\u201d. E outra observou: \u201c\u00c9 surreal a conex\u00e3o que exala desse casal! Perfeitos juntos!\u201d.<\/p>\n<p><b>Confira a publica\u00e7\u00e3o:<\/b><\/p>\n<p class=\"jarvics:base-text-neutral-high-400 xovem:base-text-dark-high-400 base-text-[calc(theme(fontSize.xs)_*_var(--font-size,_1))] base-font-normal base-font-primary base-text-neutral-low-500 base-text-left\">O<b> <\/b><a href=\"https:\/\/record.r7.com\/hoje-em-dia\/\" rel=\"nofollow noopener\" title=\"https:\/\/record.r7.com\/hoje-em-dia\/\" target=\"_blank\"><b>Hoje em Dia<\/b><\/a><b> <\/b>vai ao ar de segunda a sexta-feira, a partir das 9h35, com apresenta\u00e7\u00e3o de Ana Hickmann, Celso Zucatelli e Renata Alves. A dire\u00e7\u00e3o \u00e9 de Bruno Gomes e a dire\u00e7\u00e3o art\u00edstica, de Cesar Barreto.<\/p>\n<p><b>Entre no clima da Copa do Mundo e confira a sele\u00e7\u00e3o da RECORD!<\/b><\/p>\n<p class=\"jarvics:base-text-neutral-high-400 xovem:base-text-dark-high-400 base-text-[calc(theme(fontSize.xxs)_*_var(--font-size,_1))] base-font-semibold base-font-primary base-text-neutral-low-500 base-text-left\">Aten\u00e7\u00e3o para a convoca\u00e7\u00e3o! O elenco da RECORD j\u00e1 est\u00e1 pronto para entrar em campo, e, claro, n\u00e3o podia faltar um \u00e1lbum de figurinhas digno de Copa do Mundo. Em clima de decis\u00e3o, reunimos os grandes craques da emissora em uma sele\u00e7\u00e3o de peso. Confira a sele\u00e7\u00e3o oficial da RECORD!<\/p>\n","protected":false},"excerpt":{"rendered":"Ana Hickamann se declara a Edu Guedes nas redes sociais Reprodu\u00e7\u00e3o\/Instagram \u00c0s v\u00e9speras do Dia dos Namorados (12&hellip;\n","protected":false},"author":2,"featured_media":412724,"comment_status":"","ping_status":"","sticky":false,"template":"","format":"standard","meta":{"footnotes":"","_share_on_mastodon":"0"},"categories":[145],"tags":[6500,211,210,114,115,6279,32,33,2568],"class_list":["post-412723","post","type-post","status-publish","format-standard","has-post-thumbnail","category-celebridades","tag-ana-hickmann","tag-celebridades","tag-celebrities","tag-entertainment","tag-entretenimento","tag-hoje-em-dia","tag-portugal","tag-pt","tag-record"],"share_on_mastodon":{"url":"https:\/\/pubeurope.com\/@pt\/116725553061317035","error":""},"_links":{"self":[{"href":"https:\/\/www.europesays.com\/pt\/wp-json\/wp\/v2\/posts\/412723","targetHints":{"allow":["GET"]}}],"collection":[{"href":"https:\/\/www.europesays.com\/pt\/wp-json\/wp\/v2\/posts"}],"about":[{"href":"https:\/\/www.europesays.com\/pt\/wp-json\/wp\/v2\/types\/post"}],"author":[{"embeddable":true,"href":"https:\/\/www.europesays.com\/pt\/wp-json\/wp\/v2\/users\/2"}],"replies":[{"embeddable":true,"href":"https:\/\/www.europesays.com\/pt\/wp-json\/wp\/v2\/comments?post=412723"}],"version-history":[{"count":0,"href":"https:\/\/www.europesays.com\/pt\/wp-json\/wp\/v2\/posts\/412723\/revisions"}],"wp:featuredmedia":[{"embeddable":true,"href":"https:\/\/www.europesays.com\/pt\/wp-json\/wp\/v2\/media\/412724"}],"wp:attachment":[{"href":"https:\/\/www.europesays.com\/pt\/wp-json\/wp\/v2\/media?parent=412723"}],"wp:term":[{"taxonomy":"category","embeddable":true,"href":"https:\/\/www.europesays.com\/pt\/wp-json\/wp\/v2\/categories?post=412723"},{"taxonomy":"post_tag","embeddable":true,"href":"https:\/\/www.europesays.com\/pt\/wp-json\/wp\/v2\/tags?post=412723"}],"curies":[{"name":"wp","href":"https:\/\/api.w.org\/{rel}","templated":true}]}}