{"id":413009,"date":"2026-06-10T16:51:17","date_gmt":"2026-06-10T16:51:17","guid":{"rendered":"https:\/\/www.europesays.com\/pt\/413009\/"},"modified":"2026-06-10T16:51:17","modified_gmt":"2026-06-10T16:51:17","slug":"wolverine-descobre-que-seu-fator-de-cura-foi-roubado-em-nova-fase-da-marvel","status":"publish","type":"post","link":"https:\/\/www.europesays.com\/pt\/413009\/","title":{"rendered":"Wolverine descobre que seu fator de cura foi roubado em nova fase da Marvel"},"content":{"rendered":"<p>  <img width=\"76\" height=\"40\"   alt=\"Capa da Publica\u00e7\u00e3o\" class=\"article-cover__image\"\/><\/p>\n<p class=\"post__tagline\">Saga deixa Logan vulner\u00e1vel e prepara amea\u00e7a perigosa nos quadrinhos<\/p>\n<p>        10\/06\/2026      <\/p>\n<p>        &#8230;<\/p>\n<p>      Por<br \/>\n      <a href=\"https:\/\/twitter.com\/\" target=\"_blank\" rel=\"nofollow noopener\"><br \/>\n        Equipe Legi\u00e3o dos Her\u00f3is      <\/a><\/p>\n<p>            Aten\u00e7\u00e3o: Alerta de Spoilers!<\/p>\n<p class=\"isSelectedEnd\"><strong>Wolverine<\/strong> acaba de entrar em uma das fases mais perigosas de sua trajet\u00f3ria recente nos quadrinhos.<\/p>\n<p class=\"isSelectedEnd\"><strong>Wolverine #21<\/strong>, publicada pela Marvel Comics, <strong>Logan<\/strong> descobre que seu fator de cura n\u00e3o est\u00e1 funcionando como deveria. A revela\u00e7\u00e3o muda completamente o peso da nova saga, j\u00e1 que o personagem sempre sobreviveu ao imposs\u00edvel justamente por causa de sua capacidade de se regenerar.<\/p>\n<p class=\"isSelectedEnd\">Agora, a pergunta n\u00e3o \u00e9 apenas quem conseguiu ferir Wolverine. \u00c9 quem tirou dele a coisa que o tornava quase imposs\u00edvel de derrubar.<\/p>\n<p><strong>Logan sem fator de cura muda tudo<\/strong><\/p>\n<p class=\"isSelectedEnd\">A nova fase come\u00e7a depois de um per\u00edodo em que Wolverine j\u00e1 vinha lidando com um problema s\u00e9rio: suas garras de adamantium foram danificadas.<\/p>\n<p class=\"isSelectedEnd\">Isso, sozinho, j\u00e1 seria uma crise enorme para o personagem. Mas a situa\u00e7\u00e3o piora quando Logan percebe que seu corpo n\u00e3o est\u00e1 se recuperando como antes.<\/p>\n<p class=\"isSelectedEnd\">A consequ\u00eancia \u00e9 simples e assustadora dentro da l\u00f3gica da Marvel: Wolverine continua sendo um dos lutadores mais experientes do mundo, mas deixa de ter a prote\u00e7\u00e3o que sempre permitiu que ele enfrentasse inimigos muito acima do limite humano.<\/p>\n<p class=\"isSelectedEnd\">Sem o fator de cura, cada combate passa a ter um custo real.<\/p>\n<p><strong>Noturno acompanha a nova crise<\/strong><\/p>\n<p class=\"isSelectedEnd\">Um dos pontos mais interessantes da fase \u00e9 a presen\u00e7a de <strong>Noturno<\/strong>.<\/p>\n<p class=\"isSelectedEnd\">Kurt Wagner sempre funcionou como um dos contrapontos mais importantes de Logan. Enquanto Wolverine costuma reagir ao mundo com brutalidade e instinto, Noturno traz amizade, humor e f\u00e9 para equilibrar a situa\u00e7\u00e3o.<\/p>\n<p class=\"isSelectedEnd\">Esse contraste pode ser essencial agora.<\/p>\n<p class=\"isSelectedEnd\">Logan n\u00e3o est\u00e1 apenas diante de mais uma briga f\u00edsica. Ele est\u00e1 encarando a possibilidade de perder parte da pr\u00f3pria identidade, j\u00e1 que seu fator de cura sempre foi uma das bases de quem ele \u00e9 como her\u00f3i, mutante e sobrevivente.<\/p>\n<p><img fetchpriority=\"high\" decoding=\"async\" class=\"alignnone size-full wp-image-903774 lazyload\" alt=\"\" width=\"1500\" height=\"2306\" \/><\/p>\n<p><strong>Marvel prepara uma amea\u00e7a maior<\/strong><\/p>\n<p class=\"isSelectedEnd\">A perda dos poderes n\u00e3o parece ser apenas um efeito colateral passageiro.<\/p>\n<p class=\"isSelectedEnd\">As pr\u00f3ximas edi\u00e7\u00f5es indicam que existe uma trama maior por tr\u00e1s disso. Em <strong>Wolverine #23<\/strong>, o \u00a0<strong>Treinador<\/strong>, entra na hist\u00f3ria ligado a essa disputa pelos poderes de Logan.<\/p>\n<p class=\"isSelectedEnd\">J\u00e1 <strong>Wolverine #24<\/strong> aponta para uma revela\u00e7\u00e3o ainda mais grave: o fator de cura de Wolverine n\u00e3o desapareceu simplesmente. Ele foi roubado.<\/p>\n<p class=\"isSelectedEnd\">A edi\u00e7\u00e3o tamb\u00e9m apresenta o misterioso <strong>Mor<\/strong>, novo nome que deve ocupar um papel importante no centro dessa crise.<\/p>\n<p><img decoding=\"async\" class=\"alignnone size-full wp-image-903775 lazyload\" alt=\"\" width=\"1600\" height=\"900\" \/><\/p>\n<p><strong>Wolverine mortal j\u00e1 \u00e9 uma ideia perigosa<\/strong><\/p>\n<p class=\"isSelectedEnd\">A Marvel j\u00e1 brincou antes com a ideia de Logan vulner\u00e1vel.<\/p>\n<p class=\"isSelectedEnd\">Sempre que Wolverine perde sua capacidade de se curar, a hist\u00f3ria muda de tom. O personagem deixa de ser apenas o guerreiro que avan\u00e7a sem medo e passa a ser algu\u00e9m obrigado a pensar nas consequ\u00eancias de cada golpe, cada erro e cada escolha.<\/p>\n<p class=\"isSelectedEnd\">Esse tipo de arco funciona porque tira Logan da zona de conforto.<\/p>\n<p class=\"isSelectedEnd\">Ele ainda sabe lutar, rastrear e sobreviver. Mas, sem o fator de cura, o velho lema de ser \u201co melhor no que faz\u201d ganha outro peso. N\u00e3o basta atacar primeiro. Agora, ele precisa continuar vivo tempo suficiente para descobrir quem est\u00e1 por tr\u00e1s de tudo.<\/p>\n<p><img decoding=\"async\" class=\"alignnone size-full wp-image-903776 lazyload\" alt=\"\" width=\"825\" height=\"587\" \/><\/p>\n<p><strong>O que vem agora<\/strong><\/p>\n<p class=\"isSelectedEnd\">A grande for\u00e7a dessa virada n\u00e3o est\u00e1 em fingir que Wolverine ficar\u00e1 sem fator de cura para sempre.<\/p>\n<p class=\"isSelectedEnd\">Nos quadrinhos de super-her\u00f3is, mudan\u00e7as assim raramente s\u00e3o definitivas. O mais importante \u00e9 o que a hist\u00f3ria consegue fazer enquanto Logan est\u00e1 vulner\u00e1vel.<\/p>\n<p class=\"isSelectedEnd\">Se a Marvel usar esse per\u00edodo para explorar medo, limite, raiva e depend\u00eancia dos pr\u00f3prios poderes, a saga pode render uma das fases mais interessantes do personagem nos \u00faltimos anos.<\/p>\n<p class=\"isSelectedEnd\">Afinal, tirar o fator de cura de Wolverine n\u00e3o enfraquece apenas seu corpo.<\/p>\n<p class=\"isSelectedEnd\">Tamb\u00e9m obriga Logan a encarar quem ele \u00e9 quando n\u00e3o pode simplesmente se levantar depois de qualquer queda.<\/p>\n<p>Fique com:<\/p>\n<p>    <script async src=\"https:\/\/platform.twitter.com\/widgets.js\" charset=\"utf-8\"><\/script><\/p>\n","protected":false},"excerpt":{"rendered":"Saga deixa Logan vulner\u00e1vel e prepara amea\u00e7a perigosa nos quadrinhos 10\/06\/2026 &#8230; Por Equipe Legi\u00e3o dos Her\u00f3is Aten\u00e7\u00e3o:&hellip;\n","protected":false},"author":2,"featured_media":413010,"comment_status":"","ping_status":"","sticky":false,"template":"","format":"standard","meta":{"footnotes":"","_share_on_mastodon":"0"},"categories":[140],"tags":[23390,114,115,147,148,146,67688,32,33,67689,15141,8107,43772],"class_list":["post-413009","post","type-post","status-publish","format-standard","has-post-thumbnail","category-filmes","tag-deadpool","tag-entertainment","tag-entretenimento","tag-film","tag-filmes","tag-movies","tag-neil-gaimain","tag-portugal","tag-pt","tag-the-last-ronin","tag-tom-hanks","tag-x-men","tag-zumbi"],"share_on_mastodon":{"url":"https:\/\/pubeurope.com\/@pt\/116726850418673234","error":""},"_links":{"self":[{"href":"https:\/\/www.europesays.com\/pt\/wp-json\/wp\/v2\/posts\/413009","targetHints":{"allow":["GET"]}}],"collection":[{"href":"https:\/\/www.europesays.com\/pt\/wp-json\/wp\/v2\/posts"}],"about":[{"href":"https:\/\/www.europesays.com\/pt\/wp-json\/wp\/v2\/types\/post"}],"author":[{"embeddable":true,"href":"https:\/\/www.europesays.com\/pt\/wp-json\/wp\/v2\/users\/2"}],"replies":[{"embeddable":true,"href":"https:\/\/www.europesays.com\/pt\/wp-json\/wp\/v2\/comments?post=413009"}],"version-history":[{"count":0,"href":"https:\/\/www.europesays.com\/pt\/wp-json\/wp\/v2\/posts\/413009\/revisions"}],"wp:featuredmedia":[{"embeddable":true,"href":"https:\/\/www.europesays.com\/pt\/wp-json\/wp\/v2\/media\/413010"}],"wp:attachment":[{"href":"https:\/\/www.europesays.com\/pt\/wp-json\/wp\/v2\/media?parent=413009"}],"wp:term":[{"taxonomy":"category","embeddable":true,"href":"https:\/\/www.europesays.com\/pt\/wp-json\/wp\/v2\/categories?post=413009"},{"taxonomy":"post_tag","embeddable":true,"href":"https:\/\/www.europesays.com\/pt\/wp-json\/wp\/v2\/tags?post=413009"}],"curies":[{"name":"wp","href":"https:\/\/api.w.org\/{rel}","templated":true}]}}