{"id":413048,"date":"2026-06-10T17:23:16","date_gmt":"2026-06-10T17:23:16","guid":{"rendered":"https:\/\/www.europesays.com\/pt\/413048\/"},"modified":"2026-06-10T17:23:16","modified_gmt":"2026-06-10T17:23:16","slug":"estrategia-de-marisa-susana-desmontada-em-direto-com-elogios-a-pedro-jorge-a-mistura","status":"publish","type":"post","link":"https:\/\/www.europesays.com\/pt\/413048\/","title":{"rendered":"Estrat\u00e9gia de Marisa Susana desmontada em direto com elogios a Pedro Jorge \u00e0 mistura"},"content":{"rendered":"<p>Marta Cardoso revelou imagens in\u00e9ditas no Extra da TVI onde Marisa Susana justifica as suas mais recentes decis\u00f5es.<\/p>\n<p>A concorrente explicou, a s\u00f3s no confession\u00e1rio, que a recusa em divulgar os nomes de quem acusou de rebaixar as mulheres foi uma manobra calculada. <strong>O objetivo era atirar as suspeitas para o ar e observar a quem a carapu\u00e7a servia.<\/strong><\/p>\n<p style=\"text-align:center;margin:28px 0;\"><a href=\"https:\/\/www.google.com\/preferences\/source?q=dioguinho.com\" target=\"_blank\" rel=\"nofollow noopener\" style=\"display:inline-flex !important;align-items:center !important;gap:8px;padding:10px 18px;background:#ffffff;border:1px solid #dadce0;border-radius:999px;color:#3c4043;font-family:Roboto,Arial,sans-serif;font-size:15px;font-weight:700;text-decoration:none;line-height:1.3;box-sizing:border-box;max-width:100%;\"><img loading=\"lazy\" decoding=\"async\" title=\"Novo Fonte preferida no Google\" src=\"https:\/\/www.europesays.com\/pt\/wp-content\/uploads\/2026\/06\/1781023869_630_googleg_48dp.png\" alt=\"Google\" width=\"18\" height=\"18\" style=\"display:inline-block !important;flex-shrink:0 !important;vertical-align:middle !important;margin:0 !important;border:0 !important;width:18px !important;height:18px !important;float:none !important;\"\/>Tornar o Dioguinho a tua fonte preferida no Google<\/a><\/p>\n<p>Gon\u00e7alo Quinaz avaliou o impacto desta t\u00e1tica e concluiu que o plano redundou num erro crasso. O comentador fez quest\u00e3o de sublinhar a capacidade de leitura de jogo de um dos visados ao n\u00e3o ceder \u00e0s provoca\u00e7\u00f5es. <strong>\u201cNenhum deles enfiou a carapu\u00e7a. Aqui, claramente, aquilo que aconteceu, a Marisa Susana mete a pata na po\u00e7a e depois temos um jogador, e eu tenho que enaltec\u00ea-lo uma vez mais, que \u00e9 o Pedro Jorge, muito perspicaz, inteligente, que percebe rapidamente que aquilo que ela fez n\u00e3o o devia ter dito e agarra-se a isso e n\u00e3o larga mais\u201d<\/strong>, argumentou.<\/p>\n<p>Leia tamb\u00e9m: <strong><a href=\"https:\/\/dioguinho.com\/marta-melro-e-o-luto-de-um-amor-que-nunca-foi-afinal-a-fantasia-tambem-doi-mas-so-agora-se-fala-dela\/\" target=\"_blank\" rel=\"noopener nofollow\">Marta Melro e o luto de um amor que nunca foi: afinal, a fantasia tamb\u00e9m d\u00f3i, mas s\u00f3 agora se fala dela<\/a><\/strong><\/p>\n<p>A interven\u00e7\u00e3o de Afonso Leit\u00e3o no meio da discuss\u00e3o tamb\u00e9m mereceu uma an\u00e1lise atenta. Na \u00f3tica do ex-concorrente, Afonso detetou as fragilidades da colega e pressionou-a de forma propositada para que esta se enrolasse nos pr\u00f3prios argumentos. <strong>\u201cPorque ele percebeu, claramente, que se continuasse ali a agarrar, conforme percebeu, que ela se ia expor. E era isso que ele queria, exp\u00f4-la\u201d,<\/strong> defendeu.<\/p>\n<p>As observa\u00e7\u00f5es \u00e0 atual fase de Marisa Susana na competi\u00e7\u00e3o n\u00e3o foram meigas. Gon\u00e7alo Quinaz admitiu ter cada vez mais dificuldade em descodificar as a\u00e7\u00f5es da jovem, apontando-lhe falhas evidentes na comunica\u00e7\u00e3o. <strong>\u201cPorque ela n\u00e3o quer argumentar, porque ela n\u00e3o quer explicar e porque ela est\u00e1 a ser cada vez mais contradit\u00f3ria\u201d<\/strong>, salientou, garantindo ainda que a concorrente tem utilizado a vitimiza\u00e7\u00e3o e o choro f\u00e1cil como escudo ap\u00f3s ter sobrevivido a nomea\u00e7\u00f5es recentes.<\/p>\n<p>Leia tamb\u00e9m: <strong><a href=\"https:\/\/dioguinho.com\/marisa-susana-acusa-homens-de-rebaixarem-mulheres-e-e-criticada-por-cinha-jardim\/\" target=\"_blank\" rel=\"noopener nofollow\">Marisa Susana acusa homens de rebaixarem mulheres e \u00e9 criticada por Cinha Jardim<\/a><\/strong><\/p>\n<p>O tema fechou com uma nota de reconhecimento por parte de Marta Cardoso. A apresentadora saudou a imparcialidade de Gon\u00e7alo Quinaz ao validar o m\u00e9rito de Pedro Jorge, um advers\u00e1rio com quem j\u00e1 assumiu ter diverg\u00eancias estruturais.<strong> \u201cGosto do teu fair play, Gon\u00e7alo Quinaz, que acabaste de dizer que Pedro Jorge \u00e9 um jogador muito perspicaz\u201d<\/strong>, rematou a comunicadora, validando a frontalidade da an\u00e1lise.<\/p>\n","protected":false},"excerpt":{"rendered":"Marta Cardoso revelou imagens in\u00e9ditas no Extra da TVI onde Marisa Susana justifica as suas mais recentes decis\u00f5es.&hellip;\n","protected":false},"author":2,"featured_media":413049,"comment_status":"","ping_status":"","sticky":false,"template":"","format":"standard","meta":{"footnotes":"","_share_on_mastodon":"0"},"categories":[85],"tags":[2614,2632,114,115,20987,25453,19153,19019,21416,32,33,162],"class_list":["post-413048","post","type-post","status-publish","format-standard","has-post-thumbnail","category-entretenimento","tag-afonso-leitu00e3o","tag-casa-dos-segredos","tag-entertainment","tag-entretenimento","tag-extra","tag-gonu00e7alo-quinaz","tag-marisa-susana","tag-marta-cardoso","tag-pedro-jorge","tag-portugal","tag-pt","tag-tvi"],"share_on_mastodon":{"url":"https:\/\/pubeurope.com\/@pt\/116726976575685812","error":""},"_links":{"self":[{"href":"https:\/\/www.europesays.com\/pt\/wp-json\/wp\/v2\/posts\/413048","targetHints":{"allow":["GET"]}}],"collection":[{"href":"https:\/\/www.europesays.com\/pt\/wp-json\/wp\/v2\/posts"}],"about":[{"href":"https:\/\/www.europesays.com\/pt\/wp-json\/wp\/v2\/types\/post"}],"author":[{"embeddable":true,"href":"https:\/\/www.europesays.com\/pt\/wp-json\/wp\/v2\/users\/2"}],"replies":[{"embeddable":true,"href":"https:\/\/www.europesays.com\/pt\/wp-json\/wp\/v2\/comments?post=413048"}],"version-history":[{"count":0,"href":"https:\/\/www.europesays.com\/pt\/wp-json\/wp\/v2\/posts\/413048\/revisions"}],"wp:featuredmedia":[{"embeddable":true,"href":"https:\/\/www.europesays.com\/pt\/wp-json\/wp\/v2\/media\/413049"}],"wp:attachment":[{"href":"https:\/\/www.europesays.com\/pt\/wp-json\/wp\/v2\/media?parent=413048"}],"wp:term":[{"taxonomy":"category","embeddable":true,"href":"https:\/\/www.europesays.com\/pt\/wp-json\/wp\/v2\/categories?post=413048"},{"taxonomy":"post_tag","embeddable":true,"href":"https:\/\/www.europesays.com\/pt\/wp-json\/wp\/v2\/tags?post=413048"}],"curies":[{"name":"wp","href":"https:\/\/api.w.org\/{rel}","templated":true}]}}