{"id":413275,"date":"2026-06-10T20:44:23","date_gmt":"2026-06-10T20:44:23","guid":{"rendered":"https:\/\/www.europesays.com\/pt\/413275\/"},"modified":"2026-06-10T20:44:23","modified_gmt":"2026-06-10T20:44:23","slug":"vingadores-doutor-destino-deve-ter-personagem-magico-poderoso","status":"publish","type":"post","link":"https:\/\/www.europesays.com\/pt\/413275\/","title":{"rendered":"Vingadores: Doutor Destino deve ter personagem m\u00e1gico poderoso"},"content":{"rendered":"\n<p>A expectativa em torno de <strong>Vingadores: Doutor Destino<\/strong> \u00e9 gigantesca, e os f\u00e3s analisam cada pista que a <strong>Marvel <\/strong>deixa escapar. <\/p>\n<p>A mais recente, segundo uma an\u00e1lise do site <a href=\"https:\/\/www.cbr.com\/mcu-cynthia-von-doom-avengers-doomsday-debut\/\" target=\"_blank\" rel=\"noreferrer noopener nofollow\">CBR<\/a>, pode ter revelado a introdu\u00e7\u00e3o de uma personagem important\u00edssima para a origem do vil\u00e3o: <strong>Cynthia von Doom<\/strong>, a m\u00e3e do <strong>Doutor Destino<\/strong>. <\/p>\n<p> Uma cafeteria cheia de pistas <\/p>\n<p>Tudo come\u00e7ou de forma inusitada. <\/p>\n<p>H\u00e1 poucos dias, durante o festival <strong>South by Southwest (SXSW) <\/strong>em Londres, uma unidade de uma rede de cafeterias foi transformada em um espa\u00e7o tem\u00e1tico do <strong>Doutor Destino<\/strong>, batizado de <strong>Dom Latveria Coffee<\/strong>. Alguns f\u00e3s, que esperavam por um an\u00fancio maior, como o primeiro trailer do filme, <a href=\"https:\/\/www.einerd.com\/vingadores-doutor-destino-surpresa-cafeteria-fas\/\" target=\"_blank\" rel=\"noreferrer noopener nofollow\">ficaram um pouco decepcionados com a a\u00e7\u00e3o<\/a>.<\/p>\n<p>O detalhe, por\u00e9m, estava nos nomes dos caf\u00e9s do card\u00e1pio, recheados de <a href=\"https:\/\/www.einerd.com\/vingadores-doutor-destino-origem-doom-cardapio\/\" target=\"_blank\" rel=\"noreferrer noopener nofollow\">refer\u00eancias \u00e0 mitologia do personagem nos quadrinhos<\/a>. Havia op\u00e7\u00f5es como <strong>Fortunov<\/strong>, em alus\u00e3o ao bar\u00e3o que governava a <strong>Latv\u00e9ria <\/strong>antes de <strong>Destino<\/strong>, e <strong>Zefiro<\/strong>, nome do cl\u00e3 cigano de origem do vil\u00e3o. <\/p>\n<p>Mas o nome que mais chamou a aten\u00e7\u00e3o foi <strong>Cynthia\u2019s Blend<\/strong>, uma homenagem direta \u00e0 m\u00e3e de <strong>Victor von Doom.<\/strong><\/p>\n<p> Quem \u00e9 Cynthia von Doom <\/p>\n<p>Para quem n\u00e3o \u00e9 familiarizado com os quadrinhos, <strong>Cynthia <\/strong>\u00e9 uma pe\u00e7a fundamental para entender o que move o <strong>Doutor Destino<\/strong>. Introduzida nas HQs em 1971, ela era uma feiticeira cigana da <strong>Latv\u00e9ria<\/strong>, m\u00e3e de <strong>Victor <\/strong>e dona de grande talento para as artes m\u00edsticas.<\/p>\n<p> <img fetchpriority=\"high\" decoding=\"async\" width=\"1024\" height=\"576\" src=\"https:\/\/www.europesays.com\/pt\/wp-content\/uploads\/2026\/06\/cynthia-von-doom-1024x576.jpg\" alt=\"\" class=\"wp-image-208232\"   data-eio=\"p\"\/>Cynthia von Doom \u2013 Reprodu\u00e7\u00e3o\/Marvel Comics <\/p>\n<p>Movida pelo desejo de libertar seu povo da tirania do <strong>Bar\u00e3o Fortunov<\/strong>, <strong>Cynthia <\/strong>recorreu \u00e0 magia negra e fez um pacto com o dem\u00f4nio <strong>Mephisto<\/strong>. O acordo, no entanto, saiu de controle. <\/p>\n<p>Sem conseguir dominar o poder concedido, ela acabou causando mortes de inocentes e, tomada pela culpa, permitiu a pr\u00f3pria morte, tendo a alma aprisionada pelo dem\u00f4nio.<\/p>\n<p> A chave para entender o vil\u00e3o <\/p>\n<p>\u00c9 justamente essa trag\u00e9dia que molda o <strong>Doutor Destino<\/strong>. <\/p>\n<p>Nos quadrinhos, grande parte de sua busca incans\u00e1vel por poder vem do desejo de se tornar forte o suficiente para resgatar a alma da m\u00e3e das garras de <strong>Mephisto<\/strong>. Esse arco, inclusive, rendeu uma das hist\u00f3rias mais marcantes do personagem, em que ele se une ao<strong> Doutor Estranho<\/strong> para enfrentar o dem\u00f4nio.<\/p>\n<p>Vale lembrar que <strong>Mephisto <\/strong>j\u00e1 estreou no <strong>Universo Cinematogr\u00e1fico Marvel (MCU)<\/strong>, vivido por <strong>Sacha Baron Cohen<\/strong> na s\u00e9rie <strong>Cora\u00e7\u00e3o de Ferro<\/strong>. Por isso, a introdu\u00e7\u00e3o de <strong>Cynthia <\/strong>poderia amarrar pontos importantes da trama e trazer o dem\u00f4nio de volta \u00e0 a\u00e7\u00e3o.<\/p>\n<p> <img loading=\"lazy\" decoding=\"async\" width=\"1024\" height=\"576\" src=\"https:\/\/www.europesays.com\/pt\/wp-content\/uploads\/2026\/06\/Mephisto-1024x576.webp\" alt=\"Mephisto\" class=\"wp-image-206691\"  \/>Mephisto em Cora\u00e7\u00e3o de Ferro \u2013 Divulga\u00e7\u00e3o \/ Marvel Television Por que isso faria sentido no filme <\/p>\n<p>A an\u00e1lise pondera que <strong>Vingadores: Doutor Destino<\/strong> seria o palco perfeito para essa hist\u00f3ria. Diferentemente de <strong>Thanos<\/strong>, cuja motiva\u00e7\u00e3o foi pouco explorada, espera-se que a origem do <strong>Destino<\/strong>, vivido por <strong>Robert Downey Jr.<\/strong>, ganhe muito mais profundidade nas telonas.<\/p>\n<p>Mostrar a rela\u00e7\u00e3o de <strong>Victor <\/strong>com a m\u00e3e e sua queda tr\u00e1gica ajudaria a humanizar o vil\u00e3o, tornando-o mais do que um simples tirano. A teoria especula ainda que <strong>Cynthia <\/strong>poderia funcionar como um espelho da <strong>Feiticeira Escarlate (Wanda Maximoff),<\/strong> outra usu\u00e1ria de magia corrompida por seus pr\u00f3prios poderes, conectando ainda mais as hist\u00f3rias do <strong>MCU<\/strong>.<\/p>\n<p> Quando o filme estreia <\/p>\n<p>Por enquanto, tudo isso n\u00e3o passa de especula\u00e7\u00e3o animada a partir de uma pista de marketing, e nada foi confirmado pela <strong>Marvel <\/strong>sobre a presen\u00e7a de <strong>Cynthia<\/strong>. Resta aguardar para ver se o est\u00fadio realmente vai mergulhar nas tr\u00e1gicas origens de seu novo grande vil\u00e3o.<\/p>\n<p><strong>Vingadores: Doutor Destino<\/strong> tem estreia marcada nos cinemas brasileiros para<strong> 17 de dezembro de 2026. <\/strong>Dirigido pelos <strong>Irm\u00e3os Russo<\/strong>, o longa marca a chegada de <strong>Robert Downey Jr.<\/strong> ao papel de <strong>Victor von Doom<\/strong>, dando in\u00edcio a um novo e amea\u00e7ador cap\u00edtulo da saga.<\/p>\n","protected":false},"excerpt":{"rendered":"A expectativa em torno de Vingadores: Doutor Destino \u00e9 gigantesca, e os f\u00e3s analisam cada pista que a&hellip;\n","protected":false},"author":2,"featured_media":413276,"comment_status":"","ping_status":"","sticky":false,"template":"","format":"standard","meta":{"footnotes":"","_share_on_mastodon":"0"},"categories":[140],"tags":[67721,30690,114,115,147,148,11189,67722,146,32,33,38893],"class_list":["post-413275","post","type-post","status-publish","format-standard","has-post-thumbnail","category-filmes","tag-cynthia-von-doom","tag-doutor-destino","tag-entertainment","tag-entretenimento","tag-film","tag-filmes","tag-mcu","tag-mephisto","tag-movies","tag-portugal","tag-pt","tag-vingadores-doutor-destino"],"share_on_mastodon":{"url":"https:\/\/pubeurope.com\/@pt\/116727766770319591","error":""},"_links":{"self":[{"href":"https:\/\/www.europesays.com\/pt\/wp-json\/wp\/v2\/posts\/413275","targetHints":{"allow":["GET"]}}],"collection":[{"href":"https:\/\/www.europesays.com\/pt\/wp-json\/wp\/v2\/posts"}],"about":[{"href":"https:\/\/www.europesays.com\/pt\/wp-json\/wp\/v2\/types\/post"}],"author":[{"embeddable":true,"href":"https:\/\/www.europesays.com\/pt\/wp-json\/wp\/v2\/users\/2"}],"replies":[{"embeddable":true,"href":"https:\/\/www.europesays.com\/pt\/wp-json\/wp\/v2\/comments?post=413275"}],"version-history":[{"count":0,"href":"https:\/\/www.europesays.com\/pt\/wp-json\/wp\/v2\/posts\/413275\/revisions"}],"wp:featuredmedia":[{"embeddable":true,"href":"https:\/\/www.europesays.com\/pt\/wp-json\/wp\/v2\/media\/413276"}],"wp:attachment":[{"href":"https:\/\/www.europesays.com\/pt\/wp-json\/wp\/v2\/media?parent=413275"}],"wp:term":[{"taxonomy":"category","embeddable":true,"href":"https:\/\/www.europesays.com\/pt\/wp-json\/wp\/v2\/categories?post=413275"},{"taxonomy":"post_tag","embeddable":true,"href":"https:\/\/www.europesays.com\/pt\/wp-json\/wp\/v2\/tags?post=413275"}],"curies":[{"name":"wp","href":"https:\/\/api.w.org\/{rel}","templated":true}]}}