{"id":413345,"date":"2026-06-10T21:54:17","date_gmt":"2026-06-10T21:54:17","guid":{"rendered":"https:\/\/www.europesays.com\/pt\/413345\/"},"modified":"2026-06-10T21:54:17","modified_gmt":"2026-06-10T21:54:17","slug":"ana-hickmann-fica-horrorizada-com-bagunca-em-casa-do-patrao-o-que-aconteceu-aqui-record","status":"publish","type":"post","link":"https:\/\/www.europesays.com\/pt\/413345\/","title":{"rendered":"Ana Hickmann fica horrorizada com bagun\u00e7a em Casa do Patr\u00e3o: \u2018O que aconteceu aqui?\u2019 \u2013 Record"},"content":{"rendered":"<p><img decoding=\"async\" data-chromatic=\"ignore\" alt=\"\" class=\"c-image\" loading=\"lazy\" src=\"https:\/\/www.europesays.com\/pt\/wp-content\/uploads\/2026\/06\/GZT3JLOLLNGITPFUEXKJVLYUFI.png\"  width=\"1185\" height=\"646\"\/>Ana Hickmann surpreendeu os moradores da Casa do Patr\u00e3o Reprodu\u00e7\u00e3o\/Disney+ <\/p>\n<p class=\"jarvics:base-text-neutral-high-400 xovem:base-text-dark-high-400 base-text-[calc(theme(fontSize.xs)_*_var(--font-size,_1))] base-font-normal base-font-primary base-text-neutral-low-500 base-text-left\"><b>Ana Hickmann <\/b>surpreendeu os moradores da <a href=\"https:\/\/record.r7.com\/casa-do-patrao\/\" target=\"_self\" rel=\"nofollow noopener\" title=\"https:\/\/record.r7.com\/casa-do-patrao\/\"><b>Casa do Patr\u00e3o<\/b><\/a> nesta quarta (10)! A apresentadora do <a href=\"https:\/\/record.r7.com\/hoje-em-dia\/\" target=\"_self\" rel=\"nofollow noopener\" title=\"https:\/\/record.r7.com\/hoje-em-dia\/\"><b>Hoje em Dia<\/b><\/a> foi a visitante especial da semana e aproveitou para conhecer cada cantinho do reality. Depois do tour, rolou uma din\u00e2mica explosiva e, obviamente, treta. Se liga!<\/p>\n<p class=\"jarvics:base-text-neutral-high-400 xovem:base-text-dark-high-400 base-text-[calc(theme(fontSize.xs)_*_var(--font-size,_1))] base-font-normal base-font-primary base-text-neutral-low-500 base-text-left\">Mas n\u00e3o foram s\u00f3 os participantes que se surpreenderam, Ana tomou um susto ao ver a bagun\u00e7a da <a href=\"https:\/\/record.r7.com\/casa-do-patrao\/\" target=\"_self\" rel=\"nofollow noopener\" title=\"https:\/\/record.r7.com\/casa-do-patrao\/\"><b>Casa do Patr\u00e3o<\/b><\/a>: \u201cUau, o que aconteceu aqui?\u201d As cadeiras estavam deitadas e os m\u00f3veis fora de lugar!<\/p>\n<p class=\"jarvics:base-text-neutral-high-400 xovem:base-text-dark-high-400 base-text-[calc(theme(fontSize.xs)_*_var(--font-size,_1))] base-font-normal base-font-primary base-text-neutral-low-500 base-text-left\">Na sequ\u00eancia, eles seguiram para a \u00e1rea externa e participaram da din\u00e2mica Morde e Assopra, geralmente feita no programa Hoje em Dia com os eliminados. Cada morador p\u00f4de colocar duas plaquinhas, uma boa e uma ruim, nos t\u00f3tens do elenco!<\/p>\n<p class=\"jarvics:base-text-neutral-high-400 xovem:base-text-dark-high-400 base-text-[calc(theme(fontSize.xs)_*_var(--font-size,_1))] base-font-normal base-font-primary base-text-neutral-low-500 base-text-left\">O Patr\u00e3o <a href=\"https:\/\/record.r7.com\/casa-do-patrao\/participantes\/vivao\" target=\"_self\" rel=\"nofollow noopener\" title=\"https:\/\/record.r7.com\/casa-do-patrao\/participantes\/vivao\"><b>Viv\u00e3o<\/b><\/a> come\u00e7ou a brincadeira! Ele escolheu \u201cguerreira\u201d para <a href=\"https:\/\/record.r7.com\/casa-do-patrao\/participantes\/nataly-silva\/\" target=\"_self\" rel=\"nofollow noopener\" title=\"https:\/\/record.r7.com\/casa-do-patrao\/participantes\/nataly-silva\/\"><b>Nataly<\/b><\/a> e \u201cmentiroso\u201d para o <a href=\"https:\/\/record.r7.com\/casa-do-patrao\/participantes\/matheus-barros\/\" target=\"_self\" rel=\"nofollow noopener\" title=\"https:\/\/record.r7.com\/casa-do-patrao\/participantes\/matheus-barros\/\"><b>Matheus<\/b><\/a>: \u201cO que ele pode fazer, faz por tr\u00e1s!\u201d O estilista tamb\u00e9m debochou, lembrando que o lutador gastou R$ 5 mil na Prova Poder do Voto e n\u00e3o venceu. Matheus deu de ombros: \u201cT\u00e1 se doendo por um dinheiro que nem \u00e9 dele\u201d.<\/p>\n<p><b>Assista:<\/b><\/p>\n<p class=\"jarvics:base-text-neutral-high-400 xovem:base-text-dark-high-400 base-text-[calc(theme(fontSize.xs)_*_var(--font-size,_1))] base-font-normal base-font-primary base-text-neutral-low-500 base-text-left\">Na sequ\u00eancia, foi a vez de Matheus apontar! Ele deixou \u201cengra\u00e7ado\u201d no totem de <a href=\"https:\/\/record.r7.com\/casa-do-patrao\/participantes\/joao-pedro\/\" target=\"_self\" rel=\"nofollow noopener\" title=\"https:\/\/record.r7.com\/casa-do-patrao\/participantes\/joao-pedro\/\"><b>JP<\/b><\/a>: \u201cDe longe o mais animado do grupo.\u201d E \u201cmau-car\u00e1ter\u201d para Viv\u00e3o: \u201cO cabra que gosta de usar de m\u00e1-f\u00e9 sempre que pode! [&#8230;] Apronta e finge que n\u00e3o aconteceu.\u201d<\/p>\n<p class=\"jarvics:base-text-neutral-high-400 xovem:base-text-dark-high-400 base-text-[calc(theme(fontSize.xs)_*_var(--font-size,_1))] base-font-normal base-font-primary base-text-neutral-low-500 base-text-left\">Eles bateram boca, e Ana resolveu mudar o foco, chamando <a href=\"https:\/\/record.r7.com\/casa-do-patrao\/participantes\/sheila-barbosa\/\" target=\"_self\" rel=\"nofollow noopener\" title=\"https:\/\/record.r7.com\/casa-do-patrao\/participantes\/sheila-barbosa\/\"><b>Sheila<\/b><\/a>. A capit\u00e3 da PM deu \u201ccarinhosa\u201d para <a href=\"https:\/\/record.r7.com\/casa-do-patrao\/participantes\/bianca-becker\/\" target=\"_self\" rel=\"nofollow noopener\" title=\"https:\/\/record.r7.com\/casa-do-patrao\/participantes\/bianca-becker\/\"><b>Bianca<\/b><\/a>, pelo amor que recebe da modelo, e \u201cpalestrinha\u201d para <a href=\"https:\/\/record.r7.com\/casa-do-patrao\/participantes\/marina-keller\" target=\"_self\" rel=\"nofollow noopener\" title=\"https:\/\/record.r7.com\/casa-do-patrao\/participantes\/marina-keller\"><b>Marina<\/b><\/a>: \u201cExcelente orat\u00f3ria, fala da vida de todo mundo, o jogo de todos. Costumo dizer que \u00e9 nossa ju\u00edza.\u201d <\/p>\n<p class=\"jarvics:base-text-neutral-high-400 xovem:base-text-dark-high-400 base-text-[calc(theme(fontSize.xs)_*_var(--font-size,_1))] base-font-normal base-font-primary base-text-neutral-low-500 base-text-left\">A rival levou numa boa e partiu para as plaquinhas. Marina apontou <a href=\"https:\/\/record.r7.com\/casa-do-patrao\/participantes\/luiza-parlote\/\" target=\"_self\" rel=\"nofollow noopener\" title=\"https:\/\/record.r7.com\/casa-do-patrao\/participantes\/luiza-parlote\/\"><b>Luiza<\/b><\/a> como \u201cleal\u201d e, para Sheila, \u201cmanipuladora\u201d. A oponente se defendeu: \u201cSou uma l\u00edder!\u201d <\/p>\n<p class=\"jarvics:base-text-neutral-high-400 xovem:base-text-dark-high-400 base-text-[calc(theme(fontSize.xs)_*_var(--font-size,_1))] base-font-normal base-font-primary base-text-neutral-low-500 base-text-left\">JP jogou na sequ\u00eancia, colocando Sheila como \u201cestrategista\u201d por ser inteligente, e <a href=\"https:\/\/record.r7.com\/casa-do-patrao\/participantes\/jackson-da-fonseca\/\" target=\"_self\" rel=\"nofollow noopener\" title=\"https:\/\/record.r7.com\/casa-do-patrao\/participantes\/jackson-da-fonseca\/\"><b>Jackson<\/b><\/a> como \u201coportunista\u201d: \u201cO jogo mais perigoso da casa n\u00e3o \u00e9 dos meus rivais, \u00e9 do Jackson e da Marina, que n\u00e3o t\u00eam grupo e circulam nos dois.\u201d O policial disse que viu como elogio.<\/p>\n<p class=\"jarvics:base-text-neutral-high-400 xovem:base-text-dark-high-400 base-text-[calc(theme(fontSize.xs)_*_var(--font-size,_1))] base-font-normal base-font-primary base-text-neutral-low-500 base-text-left\">Depois de JP, veio <a href=\"https:\/\/record.r7.com\/casa-do-patrao\/participantes\/andressa-karoline\" target=\"_self\" rel=\"nofollow noopener\" title=\"https:\/\/record.r7.com\/casa-do-patrao\/participantes\/andressa-karoline\"><b>Andressa<\/b><\/a>! A participante optou por \u201cverdadeiro\u201d para Viv\u00e3o e encheu o amigo de elogios. J\u00e1 para Sheila, manteve \u201cmanipuladora\u201d e soltou: \u201cA gente sempre v\u00ea ela como uma pessoa soberba.\u201d Elas discutiram feio na frente da Ana! Sheila debochou: \u201cVou te dar um curso, sou estrategista, vejo o jogo semana a semana!\u201d A apresentadora precisou intervir, pois a briga estava escalando!<\/p>\n<p><b>Olha s\u00f3:<\/b><\/p>\n<p class=\"jarvics:base-text-neutral-high-400 xovem:base-text-dark-high-400 base-text-[calc(theme(fontSize.xs)_*_var(--font-size,_1))] base-font-normal base-font-primary base-text-neutral-low-500 base-text-left\">Em seguida, Ana convocou Bianca, que chamou Matheus de \u201camigo\u201d e Andressa de \u201csonsa\u201d: \u201cParticipante sem gra\u00e7a, n\u00e3o vejo ela no jogo.\u201d A rival revirou os olhos: \u201cSempre o mesmo discurso!\u201d <\/p>\n<p class=\"jarvics:base-text-neutral-high-400 xovem:base-text-dark-high-400 base-text-[calc(theme(fontSize.xs)_*_var(--font-size,_1))] base-font-normal base-font-primary base-text-neutral-low-500 base-text-left\">Seguindo a galera da Reta, foi a vez de <a href=\"https:\/\/record.r7.com\/casa-do-patrao\/participantes\/mariana-bernardino\/\" target=\"_self\" rel=\"nofollow noopener\" title=\"https:\/\/record.r7.com\/casa-do-patrao\/participantes\/mariana-bernardino\/\"><b>Mari<\/b><\/a>, que apontou Luiza como \u201camiga\u201d e \u201cperdido\u201d em Viv\u00e3o: \u201cEle oscila o tempo todo, uma hora acaba se descontrolando, depois fica bem.\u201d O estilista soltou os cachorros para cima da oponente: \u201cJogo muito fraco, sumido, invis\u00edvel!\u201d<\/p>\n<p class=\"jarvics:base-text-neutral-high-400 xovem:base-text-dark-high-400 base-text-[calc(theme(fontSize.xs)_*_var(--font-size,_1))] base-font-normal base-font-primary base-text-neutral-low-500 base-text-left\">Ana convocou Nataly, e a ambulante escolheu \u201ccarinhosa\u201d para <a href=\"https:\/\/record.r7.com\/casa-do-patrao\/participantes\/morena\/\" target=\"_self\" rel=\"nofollow noopener\" title=\"https:\/\/record.r7.com\/casa-do-patrao\/participantes\/morena\/\"><b>Morena<\/b><\/a>, lotando a amiga de elogios, e \u201cperdido\u201d para Mari: \u201cPara sobreviver dentro do jogo de alguma maneira precisa ter um enredo em cima de outra pessoa.\u201d Teve resposta: \u201cQuando rola uma briga, ela sempre fala \u2018voc\u00eas\u201d, disse a trancista, explicando a acusa\u00e7\u00e3o de se meter nas tretas dos outros.<\/p>\n<p class=\"jarvics:base-text-neutral-high-400 xovem:base-text-dark-high-400 base-text-[calc(theme(fontSize.xs)_*_var(--font-size,_1))] base-font-normal base-font-primary base-text-neutral-low-500 base-text-left\">J\u00e1 Jackson apontou Marina como \u201camiga\u201d e Viv\u00e3o como \u201cinseguro\u201d. O policial detonou as traquinagens do Patr\u00e3o e alegou que passou mal quando ele mandou Morena colocar pimenta na comida. O estilista esnobou: \u201cO Brasil sabe qual \u00e9 o meu jogo.\u201d Rolou uma treta feia!<\/p>\n<p><b>Se liga:<\/b><\/p>\n<p class=\"jarvics:base-text-neutral-high-400 xovem:base-text-dark-high-400 base-text-[calc(theme(fontSize.xs)_*_var(--font-size,_1))] base-font-normal base-font-primary base-text-neutral-low-500 base-text-left\">Morena chamou Andressa de \u201chumilde\u201d, e Bianca de \u201cingrata\u201d, alegando que respeita e trata a modelo bem, mas n\u00e3o recebe isso em troca. A rival citou os deboches da recepcionista: \u201cPara mim, voc\u00ea \u00e9 planta, sem gra\u00e7a, totalmente.\u201d<\/p>\n<p class=\"jarvics:base-text-neutral-high-400 xovem:base-text-dark-high-400 base-text-[calc(theme(fontSize.xs)_*_var(--font-size,_1))] base-font-normal base-font-primary base-text-neutral-low-500 base-text-left\">Para finalizar, Luiza foi convocada. Ela colocou a plaquinha de \u201cprestativo\u201d em Mari, dizendo que a amiga trabalha duro dentro e fora do reality, e \u201cagressiva\u201d em Nataly, pela forma como a rival trata os outros. Nataly retrucou: \u201cAgressiva \u00e9 muito forte para quem s\u00f3 tem pavio curto! [&#8230;] Para mim, voc\u00ea nem fede e nem cheira. Fofoqueira, mentirosa, mal-car\u00e1ter.\u201d<\/p>\n<p class=\"jarvics:base-text-neutral-high-400 xovem:base-text-dark-high-400 base-text-[calc(theme(fontSize.xs)_*_var(--font-size,_1))] base-font-normal base-font-primary base-text-neutral-low-500 base-text-left\">Por fim, Ana revelou que estava superansiosa para entrar no reality e pediu fotos com os participantes, fazendo todo mundo se divertir: \u201dMelhor que programa ao vivo!&#8221;<\/p>\n<p class=\"jarvics:base-text-neutral-high-400 xovem:base-text-dark-high-400 base-text-[calc(theme(fontSize.xs)_*_var(--font-size,_1))] base-font-normal base-font-primary base-text-neutral-low-500 base-text-left\">Quando Ana foi embora, uma treta generalizada come\u00e7ou!<\/p>\n<p class=\"jarvics:base-text-neutral-high-400 xovem:base-text-dark-high-400 base-text-[calc(theme(fontSize.xs)_*_var(--font-size,_1))] base-font-normal base-font-primary base-text-neutral-low-500 base-text-left\">Fique ligado! <a href=\"https:\/\/record.r7.com\/casa-do-patrao\/\" rel=\"nofollow noopener\" title=\"https:\/\/record.r7.com\/casa-do-patrao\/\" target=\"_blank\"><b>Casa do Patr\u00e3o<\/b><\/a> vai ao ar diariamente, \u00e0s 22h30, na tela da <a href=\"https:\/\/record.r7.com\/\" rel=\"nofollow noopener\" title=\"https:\/\/record.r7.com\/\" target=\"_blank\"><b>RECORD<\/b><\/a>. Acesse o <b>site oficial <\/b>para ficar por dentro das novidades.<\/p>\n<p><b>Amor ou amizade? Relembre os momentos em que Matheus e Bianca provaram sintonia<\/b><\/p>\n<p class=\"jarvics:base-text-neutral-high-400 xovem:base-text-dark-high-400 base-text-[calc(theme(fontSize.xxs)_*_var(--font-size,_1))] base-font-semibold base-font-primary base-text-neutral-low-500 base-text-left\">Matheus e Bianca n\u00e3o se desgrudam desde o come\u00e7o do confinamento em Casa do Patr\u00e3o. Amigos e confidentes, os dois chamam a aten\u00e7\u00e3o dentro e fora do jogo pela sintonia, e acabam deixando uma d\u00favida no ar: \u00e9 s\u00f3 amizade mesmo?<\/p>\n","protected":false},"excerpt":{"rendered":"Ana Hickmann surpreendeu os moradores da Casa do Patr\u00e3o Reprodu\u00e7\u00e3o\/Disney+ Ana Hickmann surpreendeu os moradores da Casa do&hellip;\n","protected":false},"author":2,"featured_media":413346,"comment_status":"","ping_status":"","sticky":false,"template":"","format":"standard","meta":{"footnotes":"","_share_on_mastodon":"0"},"categories":[145],"tags":[6500,27809,211,210,114,115,32,33],"class_list":["post-413345","post","type-post","status-publish","format-standard","has-post-thumbnail","category-celebridades","tag-ana-hickmann","tag-casa-do-patrao","tag-celebridades","tag-celebrities","tag-entertainment","tag-entretenimento","tag-portugal","tag-pt"],"share_on_mastodon":{"url":"https:\/\/pubeurope.com\/@pt\/116728041922027478","error":""},"_links":{"self":[{"href":"https:\/\/www.europesays.com\/pt\/wp-json\/wp\/v2\/posts\/413345","targetHints":{"allow":["GET"]}}],"collection":[{"href":"https:\/\/www.europesays.com\/pt\/wp-json\/wp\/v2\/posts"}],"about":[{"href":"https:\/\/www.europesays.com\/pt\/wp-json\/wp\/v2\/types\/post"}],"author":[{"embeddable":true,"href":"https:\/\/www.europesays.com\/pt\/wp-json\/wp\/v2\/users\/2"}],"replies":[{"embeddable":true,"href":"https:\/\/www.europesays.com\/pt\/wp-json\/wp\/v2\/comments?post=413345"}],"version-history":[{"count":0,"href":"https:\/\/www.europesays.com\/pt\/wp-json\/wp\/v2\/posts\/413345\/revisions"}],"wp:featuredmedia":[{"embeddable":true,"href":"https:\/\/www.europesays.com\/pt\/wp-json\/wp\/v2\/media\/413346"}],"wp:attachment":[{"href":"https:\/\/www.europesays.com\/pt\/wp-json\/wp\/v2\/media?parent=413345"}],"wp:term":[{"taxonomy":"category","embeddable":true,"href":"https:\/\/www.europesays.com\/pt\/wp-json\/wp\/v2\/categories?post=413345"},{"taxonomy":"post_tag","embeddable":true,"href":"https:\/\/www.europesays.com\/pt\/wp-json\/wp\/v2\/tags?post=413345"}],"curies":[{"name":"wp","href":"https:\/\/api.w.org\/{rel}","templated":true}]}}