{"id":414011,"date":"2026-06-11T14:47:16","date_gmt":"2026-06-11T14:47:16","guid":{"rendered":"https:\/\/www.europesays.com\/pt\/414011\/"},"modified":"2026-06-11T14:47:16","modified_gmt":"2026-06-11T14:47:16","slug":"bruno-savate-ja-estao-no-paraiso-veja-as-imagens-da-lua-de-mel-do-ex-casa-dos-segredos-e-de-liliana-rocha","status":"publish","type":"post","link":"https:\/\/www.europesays.com\/pt\/414011\/","title":{"rendered":"Bruno Savate &#8211; J\u00e1 est\u00e3o no para\u00edso! Veja as imagens da lua de mel do ex-Casa dos Segredos e de Liliana Rocha"},"content":{"rendered":"<p><strong>Bruno Savate<\/strong> e <strong>Liliana Rocha<\/strong> <a href=\"https:\/\/www.novagente.pt\/bruno-savate-ex-casa-dos-segredos-liliana-rocha-disseram-sim-ja-ha-fotos-do-casamento\" rel=\"nofollow noopener\" target=\"_blank\">subiram ao altar<\/a> no dia 5 de junho, na <strong>Quinta do Passal<\/strong>, em <strong>Pa\u00e7os de Ferreira<\/strong>.<\/p>\n<p>A cerim\u00f3nia ficou marcada pela presen\u00e7a de v\u00e1rios rostos conhecidos da televis\u00e3o portuguesa, como <strong>Wilson Teixeira, No\u00e9lia Pereira e Pedro Capit\u00e3o<\/strong>, e tamb\u00e9m pelo ambiente intimista, divertido e leve.<\/p>\n<blockquote>\n<p>Leia tamb\u00e9m: <a href=\"https:\/\/www.novagente.pt\/noelia-pereira-decidiu-ir-ao-casamento-de-savate-vestida-desta-cor-acabou-arrasada-nao-apropriado\" rel=\"nofollow noopener\" target=\"_blank\">No\u00e9lia Pereira decidiu ir ao casamento de Bruno Savate vestida com esta cor&#8230; E acabou arrasada!<\/a><\/p>\n<\/blockquote>\n<p>Poucos dias depois do casamento, o <strong>ex-concorrente da Casa dos Segredos<\/strong> e a sua companheira rumaram para a lua de mel. Os rec\u00e9m-casados decidiram<strong> aproveitar uns dias de puro descanso nas Maldivas<\/strong>.<\/p>\n<p><strong>\u201cSol na pele, areia nos p\u00e9s e boa vibe no cora\u00e7\u00e3o. Quem n\u00e3o gosta?\u201d<\/strong>, pode ler-se na descri\u00e7\u00e3o de Savate na publica\u00e7\u00e3o que fez na sua rede social.<\/p>\n<p>Percorra a nossa galeria e veja as fotos dos dias rom\u00e2nticos em casal.<\/p>\n<p>\u00a0<\/p>\n<p>Texto: Carolina Charrua; Fotos: Redes sociais<\/p>\n<p class=\"intagram-text\">Siga a Nova Gente no Instagram<\/p>\n<p>                        <a href=\"https:\/\/www.instagram.com\/revistanovagente\/\" target=\"_blank\" aria-label=\"instagram\" rel=\"noopener nofollow\"><img decoding=\"async\" style=\"display: block; margin-left: auto; margin-right: auto; width: 250px; height: 83px;\" src=\"https:\/\/www.europesays.com\/pt\/wp-content\/uploads\/2026\/06\/1781189236_73_Instagram_NG.png\" alt=\"instagram\"\/><\/a><br \/>\n                    <script async src=\"\/\/www.instagram.com\/embed.js\"><\/script><\/p>\n","protected":false},"excerpt":{"rendered":"Bruno Savate e Liliana Rocha subiram ao altar no dia 5 de junho, na Quinta do Passal, em&hellip;\n","protected":false},"author":2,"featured_media":414012,"comment_status":"","ping_status":"","sticky":false,"template":"","format":"standard","meta":{"footnotes":"","_share_on_mastodon":"0"},"categories":[145],"tags":[1253,2632,1435,211,210,114,115,67013,1649,32,33],"class_list":["post-414011","post","type-post","status-publish","format-standard","has-post-thumbnail","category-celebridades","tag-bruno-savate","tag-casa-dos-segredos","tag-casamento","tag-celebridades","tag-celebrities","tag-entertainment","tag-entretenimento","tag-liliana-rocha","tag-lua-de-mel","tag-portugal","tag-pt"],"share_on_mastodon":{"url":"https:\/\/pubeurope.com\/@pt\/116732025483548775","error":""},"_links":{"self":[{"href":"https:\/\/www.europesays.com\/pt\/wp-json\/wp\/v2\/posts\/414011","targetHints":{"allow":["GET"]}}],"collection":[{"href":"https:\/\/www.europesays.com\/pt\/wp-json\/wp\/v2\/posts"}],"about":[{"href":"https:\/\/www.europesays.com\/pt\/wp-json\/wp\/v2\/types\/post"}],"author":[{"embeddable":true,"href":"https:\/\/www.europesays.com\/pt\/wp-json\/wp\/v2\/users\/2"}],"replies":[{"embeddable":true,"href":"https:\/\/www.europesays.com\/pt\/wp-json\/wp\/v2\/comments?post=414011"}],"version-history":[{"count":0,"href":"https:\/\/www.europesays.com\/pt\/wp-json\/wp\/v2\/posts\/414011\/revisions"}],"wp:featuredmedia":[{"embeddable":true,"href":"https:\/\/www.europesays.com\/pt\/wp-json\/wp\/v2\/media\/414012"}],"wp:attachment":[{"href":"https:\/\/www.europesays.com\/pt\/wp-json\/wp\/v2\/media?parent=414011"}],"wp:term":[{"taxonomy":"category","embeddable":true,"href":"https:\/\/www.europesays.com\/pt\/wp-json\/wp\/v2\/categories?post=414011"},{"taxonomy":"post_tag","embeddable":true,"href":"https:\/\/www.europesays.com\/pt\/wp-json\/wp\/v2\/tags?post=414011"}],"curies":[{"name":"wp","href":"https:\/\/api.w.org\/{rel}","templated":true}]}}