{"id":41410,"date":"2025-08-23T10:17:09","date_gmt":"2025-08-23T10:17:09","guid":{"rendered":"https:\/\/www.europesays.com\/pt\/41410\/"},"modified":"2025-08-23T10:17:09","modified_gmt":"2025-08-23T10:17:09","slug":"video-pedro-neto-lidera-reviravolta-em-derbi-que-acabou-com-goleada","status":"publish","type":"post","link":"https:\/\/www.europesays.com\/pt\/41410\/","title":{"rendered":"V\u00cdDEO: Pedro Neto lidera reviravolta em d\u00e9rbi que acabou com goleada"},"content":{"rendered":"<p>O Chelsea, campe\u00e3o do mundo em t\u00edtulo, estreou-se a vencer na nova edi\u00e7\u00e3o Premier League com uma goleada em casa do vizinho West Ham por <a href=\"https:\/\/maisfutebol.iol.pt\/jogo\/west-ham-united\/chelsea\/13825563\" rel=\"nofollow noopener\" target=\"_blank\">5-1<\/a>. A equipa da casa at\u00e9 marcou primeiro, mas Pedro Neto, com uma assist\u00eancia e um golo, liderou a reviravolta \u00e9pica dos Blues que acabaram por golear com mais um pontap\u00e9 de canto determinante do extremo portugu\u00eas.<\/p>\n<p><a href=\"https:\/\/maisfutebol.iol.pt\/resultadoseclassificacoes\/107\/inglaterra\/premier-league\" rel=\"nofollow noopener\" target=\"_blank\">Confira a classifica\u00e7\u00e3o da Premier League<\/a><\/p>\n<p>No Est\u00e1dio Ol\u00edmpico de Londres, o avan\u00e7ado portugu\u00eas completou a reviravolta da equipa de Stamford Bridge aos 23 minutos, j\u00e1 depois de ter marcado o pontap\u00e9 de canto que originou o golo do brasileiro Jo\u00e3o Pedro, aos 15, em resposta ao tento inaugural do tamb\u00e9m brasileiro Lucas Paquet\u00e1, aos seis.<\/p>\n<p>Pedro Neto chegou, assim, ao 10.\u00ba remate certeiro em 53 jogos pelo Chelsea, que, depois, ampliou a diferen\u00e7a com golos do argentino Enzo Fern\u00e1ndez (34m), do equatoriano Mois\u00e9s Caicedo (54m) e do ingl\u00eas Trevoh Chalobah (58m), este \u00faltimo na sequ\u00eancia de mais um canto do extremo portugu\u00eas.<\/p>\n<p>Ainda antes do duelo com os hammers, o Chelsea perdeu Cole Palmer, habitual titular no meio-campo ofensivo, que se lesionou logo no aquecimento para o jogo.<\/p>\n<p>Com Pedro Neto a tempo inteiro e D\u00e1rio Essugo no banco de suplentes, o Chelsea subiu \u00e0 condi\u00e7\u00e3o \u00e0 primeira posi\u00e7\u00e3o da Premier League, com quatro pontos, enquanto o West Ham \u00e9 20.\u00ba e \u00faltimo, ainda sem pontos, nem golos marcados.<\/p>\n<p><strong>Confira o resumo do jogo:<\/strong><\/p>\n","protected":false},"excerpt":{"rendered":"O Chelsea, campe\u00e3o do mundo em t\u00edtulo, estreou-se a vencer na nova edi\u00e7\u00e3o Premier League com uma goleada&hellip;\n","protected":false},"author":2,"featured_media":41411,"comment_status":"","ping_status":"","sticky":false,"template":"","format":"standard","meta":{"footnotes":""},"categories":[87],"tags":[904,12627,135,665,82,436,46,12626,32,666,33,47,134,8709],"class_list":{"0":"post-41410","1":"post","2":"type-post","3":"status-publish","4":"format-standard","5":"has-post-thumbnail","7":"category-desporto","8":"tag-chelsea","9":"tag-dario-essugo","10":"tag-desporto","11":"tag-inglaterra","12":"tag-internacional","13":"tag-made-in","14":"tag-maisfutebol","15":"tag-pedro-neto","16":"tag-portugal","17":"tag-premier-league","18":"tag-pt","19":"tag-pura-paixao","20":"tag-sports","21":"tag-west-ham"},"share_on_mastodon":{"url":"","error":""},"_links":{"self":[{"href":"https:\/\/www.europesays.com\/pt\/wp-json\/wp\/v2\/posts\/41410","targetHints":{"allow":["GET"]}}],"collection":[{"href":"https:\/\/www.europesays.com\/pt\/wp-json\/wp\/v2\/posts"}],"about":[{"href":"https:\/\/www.europesays.com\/pt\/wp-json\/wp\/v2\/types\/post"}],"author":[{"embeddable":true,"href":"https:\/\/www.europesays.com\/pt\/wp-json\/wp\/v2\/users\/2"}],"replies":[{"embeddable":true,"href":"https:\/\/www.europesays.com\/pt\/wp-json\/wp\/v2\/comments?post=41410"}],"version-history":[{"count":0,"href":"https:\/\/www.europesays.com\/pt\/wp-json\/wp\/v2\/posts\/41410\/revisions"}],"wp:featuredmedia":[{"embeddable":true,"href":"https:\/\/www.europesays.com\/pt\/wp-json\/wp\/v2\/media\/41411"}],"wp:attachment":[{"href":"https:\/\/www.europesays.com\/pt\/wp-json\/wp\/v2\/media?parent=41410"}],"wp:term":[{"taxonomy":"category","embeddable":true,"href":"https:\/\/www.europesays.com\/pt\/wp-json\/wp\/v2\/categories?post=41410"},{"taxonomy":"post_tag","embeddable":true,"href":"https:\/\/www.europesays.com\/pt\/wp-json\/wp\/v2\/tags?post=41410"}],"curies":[{"name":"wp","href":"https:\/\/api.w.org\/{rel}","templated":true}]}}