{"id":414174,"date":"2026-06-11T17:32:55","date_gmt":"2026-06-11T17:32:55","guid":{"rendered":"https:\/\/www.europesays.com\/pt\/414174\/"},"modified":"2026-06-11T17:32:55","modified_gmt":"2026-06-11T17:32:55","slug":"por-que-moradores-de-cidade-em-pe-torcem-para-a-argentina-filme-explica","status":"publish","type":"post","link":"https:\/\/www.europesays.com\/pt\/414174\/","title":{"rendered":"Por que moradores de cidade em PE torcem para a Argentina? Filme explica"},"content":{"rendered":"<p><strong>Buenos Aires<\/strong>, filme inspirado no munic\u00edpio pernambucano hom\u00f4nimo da capital argentina, chega a cinemas selecionados do Brasil nesta quinta-feira (11\/6). <a href=\"https:\/\/www.metropoles.com\/tag\/documentario\" target=\"_blank\" rel=\"noopener nofollow\">O document\u00e1rio<\/a> explora a curiosa conex\u00e3o entre a pequena cidade da Zona da Mata de Pernambuco e a cultura argentina, mostrando como tradi\u00e7\u00f5es dos dois lugares se misturam no cotidiano dos moradores.<\/p>\n<p>A diretora Tuca Siqueira conta que o futebol e a Copa do Mundo foram fundamentais para construir essa narrativa. Muitas das cenas foram gravadas h\u00e1 quatro anos, durante o \u00faltimo Mundial, quando <strong>torcedores tomavam as ruas dan\u00e7ando frevo e vestindo camisas da Argentina, um dos maiores rivais hist\u00f3ricos da Sele\u00e7\u00e3o Brasileira.<\/strong><\/p>\n<p><img decoding=\"async\" alt=\"Por que moradores de cidade em PE torcem para a Argentina? Filme explica - destaque galeria\" title=\"Por que moradores de cidade em PE torcem para a Argentina? Filme explica - destaque galeria\" src=\"https:\/\/www.europesays.com\/pt\/wp-content\/uploads\/2026\/06\/buenos-aires-documentario-3.jpg\" loading=\"lazy\"\/><\/p>\n<p>Fechar modal.<\/p>\n<p><img decoding=\"async\" alt=\"Metr\u00f3poles\" width=\"180\" height=\"32\" src=\"https:\/\/www.europesays.com\/pt\/wp-content\/uploads\/2026\/06\/logo-metropoles-branca.png\" loading=\"lazy\"\/><img data-splide-lazy=\"https:\/\/i.metroimg.com\/lvwFosLr_fGHa6QQFcgYuhl7Ht2gVfdrEr6Ib02yC-E\/w:1200\/q:85\/f:webp\/plain\/https:\/\/images.metroimg.com\/2026\/06\/buenos-aires-documentario-3.jpg\" alt=\"Cena de Buenos Aires, document\u00e1rio sobre a cidade pernambucana apaixonada pela capital argentina\" title=\"Cena de Buenos Aires, document\u00e1rio sobre a cidade pernambucana apaixonada pela capital argentina\"\/>1 de 5<\/p>\n<p class=\"splide__caption\">Cena de Buenos Aires, document\u00e1rio sobre a cidade pernambucana apaixonada pela capital argentina<\/p>\n<p>Divulga\u00e7\u00e3o<img data-splide-lazy=\"https:\/\/i.metroimg.com\/-zbIfYAYZb1gVz8LqS3k4aSrBSODdxDdzG2NXTpHDeI\/w:1200\/q:85\/f:webp\/plain\/https:\/\/images.metroimg.com\/2026\/06\/buenos-aires-documentario-2.jpg\" alt=\"Cena de Buenos Aires, document\u00e1rio sobre a cidade pernambucana apaixonada pela capital argentina\" title=\"Cena de Buenos Aires, document\u00e1rio sobre a cidade pernambucana apaixonada pela capital argentina\"\/>2 de 5<\/p>\n<p class=\"splide__caption\">Cena de Buenos Aires, document\u00e1rio sobre a cidade pernambucana apaixonada pela capital argentina<\/p>\n<p>Divulga\u00e7\u00e3o<img data-splide-lazy=\"https:\/\/i.metroimg.com\/jtjSvScbVuE5LK5W-VKp403JiLudlgtkGDlyQdSriTQ\/w:1200\/q:85\/f:webp\/plain\/https:\/\/images.metroimg.com\/2026\/06\/buenos-aires-documentario-1.jpg\" alt=\"Cena de Buenos Aires, document\u00e1rio sobre a cidade pernambucana apaixonada pela capital argentina\" title=\"Cena de Buenos Aires, document\u00e1rio sobre a cidade pernambucana apaixonada pela capital argentina\"\/>3 de 5<\/p>\n<p class=\"splide__caption\">Cena de Buenos Aires, document\u00e1rio sobre a cidade pernambucana apaixonada pela capital argentina<\/p>\n<p>Divulga\u00e7\u00e3o<img data-splide-lazy=\"https:\/\/i.metroimg.com\/hiNKV2LVplMSAcnMR0ueIwI2tNxVVTqCSU2Mrpr37kU\/w:1200\/q:85\/f:webp\/plain\/https:\/\/images.metroimg.com\/2026\/06\/buenos-aires-documentario.jpg\" alt=\"Cena de Buenos Aires, document\u00e1rio sobre a cidade pernambucana apaixonada pela capital argentina\" title=\"Cena de Buenos Aires, document\u00e1rio sobre a cidade pernambucana apaixonada pela capital argentina\"\/>4 de 5<\/p>\n<p class=\"splide__caption\">Cena de Buenos Aires, document\u00e1rio sobre a cidade pernambucana apaixonada pela capital argentina<\/p>\n<p>Divulga\u00e7\u00e3o<img data-splide-lazy=\"https:\/\/i.metroimg.com\/Df25VFLv3pij_tmh0lU7S67370JOZ4yD0LzSVq5VpqE\/w:1200\/q:85\/f:webp\/plain\/https:\/\/images.metroimg.com\/2026\/06\/buenos-aires-documentario-q.jpg\" alt=\"Cena de Buenos Aires, document\u00e1rio sobre a cidade pernambucana apaixonada pela capital argentina\" title=\"Cena de Buenos Aires, document\u00e1rio sobre a cidade pernambucana apaixonada pela capital argentina\"\/>5 de 5<\/p>\n<p class=\"splide__caption\">Cena de Buenos Aires, document\u00e1rio sobre a cidade pernambucana apaixonada pela capital argentina<\/p>\n<p>Divulga\u00e7\u00e3o<\/p>\n<p>O \u201cfilme-paisagem\u201d, como define a diretora e produtora, mostra que a admira\u00e7\u00e3o \u00e0 capital argentina se integrou ao dia a dia da popula\u00e7\u00e3o de cerca de 13 mil habitantes.\u00a0Uma professora do munic\u00edpio narra o filme em espanhol e demonstra como a paix\u00e3o pelos \u201chermanos\u201d est\u00e1 presente na culin\u00e1ria, na arquitetura e, claro, no futebol.<\/p>\n<p>\u201c[Os moradores de Buenos Aires (PE)] n\u00e3o enxergam isso como um grande conflito\u201d, detalhou a diretora durante a exibi\u00e7\u00e3o do filme na <a href=\"https:\/\/festivalcinepe.com.br\/\" target=\"_blank\" rel=\"noopener nofollow\">30\u00aa edi\u00e7\u00e3o do Cine PE<\/a>, em Recife (PE), na semana passada. <strong>\u201cEles gritam \u2018Eu sou argentino, com muito orgulho!\u2019 e isso \u00e9 normal\u201d,<\/strong> exemplifica.<\/p>\n<p>*A rep\u00f3rter viajou a convite do Cine PE.<\/p>\n","protected":false},"excerpt":{"rendered":"Buenos Aires, filme inspirado no munic\u00edpio pernambucano hom\u00f4nimo da capital argentina, chega a cinemas selecionados do Brasil nesta&hellip;\n","protected":false},"author":2,"featured_media":414175,"comment_status":"","ping_status":"","sticky":false,"template":"","format":"standard","meta":{"footnotes":"","_share_on_mastodon":"0"},"categories":[140],"tags":[470,6724,114,115,147,148,146,7227,32,33],"class_list":["post-414174","post","type-post","status-publish","format-standard","has-post-thumbnail","category-filmes","tag-cinema","tag-cinema-brasileiro","tag-entertainment","tag-entretenimento","tag-film","tag-filmes","tag-movies","tag-pernambuco","tag-portugal","tag-pt"],"share_on_mastodon":{"url":"https:\/\/pubeurope.com\/@pt\/116732678339302695","error":""},"_links":{"self":[{"href":"https:\/\/www.europesays.com\/pt\/wp-json\/wp\/v2\/posts\/414174","targetHints":{"allow":["GET"]}}],"collection":[{"href":"https:\/\/www.europesays.com\/pt\/wp-json\/wp\/v2\/posts"}],"about":[{"href":"https:\/\/www.europesays.com\/pt\/wp-json\/wp\/v2\/types\/post"}],"author":[{"embeddable":true,"href":"https:\/\/www.europesays.com\/pt\/wp-json\/wp\/v2\/users\/2"}],"replies":[{"embeddable":true,"href":"https:\/\/www.europesays.com\/pt\/wp-json\/wp\/v2\/comments?post=414174"}],"version-history":[{"count":0,"href":"https:\/\/www.europesays.com\/pt\/wp-json\/wp\/v2\/posts\/414174\/revisions"}],"wp:featuredmedia":[{"embeddable":true,"href":"https:\/\/www.europesays.com\/pt\/wp-json\/wp\/v2\/media\/414175"}],"wp:attachment":[{"href":"https:\/\/www.europesays.com\/pt\/wp-json\/wp\/v2\/media?parent=414174"}],"wp:term":[{"taxonomy":"category","embeddable":true,"href":"https:\/\/www.europesays.com\/pt\/wp-json\/wp\/v2\/categories?post=414174"},{"taxonomy":"post_tag","embeddable":true,"href":"https:\/\/www.europesays.com\/pt\/wp-json\/wp\/v2\/tags?post=414174"}],"curies":[{"name":"wp","href":"https:\/\/api.w.org\/{rel}","templated":true}]}}