{"id":41418,"date":"2025-08-23T10:25:12","date_gmt":"2025-08-23T10:25:12","guid":{"rendered":"https:\/\/www.europesays.com\/pt\/41418\/"},"modified":"2025-08-23T10:25:12","modified_gmt":"2025-08-23T10:25:12","slug":"cantora-baiana-gabi-lins-lanca-single-perolas-e-celebra-nova-fase-encontrei-a-minha-voz","status":"publish","type":"post","link":"https:\/\/www.europesays.com\/pt\/41418\/","title":{"rendered":"Cantora baiana Gabi Lins lan\u00e7a single \u201cP\u00e9rolas\u201d e celebra nova fase: &#8216;Encontrei a minha voz&#8217;"},"content":{"rendered":"<p>Um dos destaques recentes da nova cena musical baiana, <strong>Gabi Lins<\/strong> abriu um novo cap\u00edtulo em sua trajet\u00f3ria art\u00edstica nesta sexta-feira (22) com o lan\u00e7amento de <strong>\u201cP\u00e9rolas\u201d<\/strong>, seu mais novo single. A faixa mistura pop, brasilidades e influ\u00eancias latinas, revelando uma fase de amadurecimento pessoal e art\u00edstico da cantora.<\/p>\n<p>Em conversa exclusiva com o <strong>Al\u00f4 Al\u00f4 Bahia<\/strong>, Gabi comentou sobre o novo momento da carreira, que, mesmo com as novas sonoridades, segue conectado \u00e0s ra\u00edzes da Bahia.<\/p>\n<p><strong>\u201cSinto que finalmente encontrei a minha voz. Essa m\u00fasica \u00e9 muito especial porque revela esse novo lugar que eu encontrei, tanto na vida quanto na carreira\u201d<\/strong>, disse ela, que que em 2023 esteve na trilha sonora da novela <strong>Fuzu\u00ea<\/strong>, da TV Globo, com a m\u00fasica <strong>\u201cBurburinho\u201d<\/strong>, pareceria com<strong> Clara Valverde<\/strong>.<\/p>\n<p>\u201c<strong>Acredito muito que a gente precisa trazer nossas ra\u00edzes para o que fazemos, porque isso torna tudo mais aut\u00eantico<\/strong>. A m\u00fasica tem elementos do pop, inspirados em La Isla Bonita, da Madonna dos anos 80, mas tamb\u00e9m carrega a percuss\u00e3o baiana, que para mim \u00e9 fundamental \u2014 para que a gente revele, em si, a nossa cidade e a nossa cultura. <strong>Est\u00e1 na percuss\u00e3o, est\u00e1 na atmosfera em volta da m\u00fasica: tudo o que aprendi vivendo em Salvador se reflete inevitavelmente na sonoridade<\/strong>\u201c, afirmou.<\/p>\n<p><img fetchpriority=\"high\" decoding=\"async\" aria-describedby=\"caption-attachment-186008\" class=\"size-medium wp-image-186008\" src=\"https:\/\/www.europesays.com\/pt\/wp-content\/uploads\/2025\/08\/gabialins_1755698440_3703389395072009537_19770111-720x630.jpg\" alt=\"\" width=\"720\" height=\"630\"  \/><\/p>\n<p id=\"caption-attachment-186008\" class=\"wp-caption-text\">Gabi Lins ir\u00e1 se apresentar na Casa da M\u00e3e no dia 5 de setembro (Foto: @leonardo.mf)<\/p>\n<p>O single tamb\u00e9m \u00e9 um elo entre seu trabalho anterior e o pr\u00f3ximo \u00e1lbum, que j\u00e1 est\u00e1 em fase de produ\u00e7\u00e3o. Segundo a cantora, a faixa reflete muito bem o momento que tem vivido em suas rela\u00e7\u00f5es. \u201cEssa m\u00fasica \u00e9 sobre entender que precisamos estar cercados de pessoas que nos olhem com ternura, respeito e amor, porque \u00e9 a partir da\u00ed que a gente come\u00e7a a se ver\u00a0do\u00a0mesmo\u00a0jeito\u201d, explicou.<\/p>\n<p>Para quem quiser conferir Gabi de perto, <strong>no pr\u00f3ximo dia 5 de setembro<\/strong>, a cantora se apresenta na <strong>Casa da M\u00e3e<\/strong>, em Salvador. O show, ao lado da banda <strong>Colibri<\/strong>, ser\u00e1 uma homenagem a<strong> Ney Matogrosso<\/strong>.<\/p>\n","protected":false},"excerpt":{"rendered":"Um dos destaques recentes da nova cena musical baiana, Gabi Lins abriu um novo cap\u00edtulo em sua trajet\u00f3ria&hellip;\n","protected":false},"author":2,"featured_media":41419,"comment_status":"","ping_status":"","sticky":false,"template":"","format":"standard","meta":{"footnotes":""},"categories":[145],"tags":[211,210,114,115,32,33],"class_list":{"0":"post-41418","1":"post","2":"type-post","3":"status-publish","4":"format-standard","5":"has-post-thumbnail","7":"category-celebridades","8":"tag-celebridades","9":"tag-celebrities","10":"tag-entertainment","11":"tag-entretenimento","12":"tag-portugal","13":"tag-pt"},"share_on_mastodon":{"url":"","error":""},"_links":{"self":[{"href":"https:\/\/www.europesays.com\/pt\/wp-json\/wp\/v2\/posts\/41418","targetHints":{"allow":["GET"]}}],"collection":[{"href":"https:\/\/www.europesays.com\/pt\/wp-json\/wp\/v2\/posts"}],"about":[{"href":"https:\/\/www.europesays.com\/pt\/wp-json\/wp\/v2\/types\/post"}],"author":[{"embeddable":true,"href":"https:\/\/www.europesays.com\/pt\/wp-json\/wp\/v2\/users\/2"}],"replies":[{"embeddable":true,"href":"https:\/\/www.europesays.com\/pt\/wp-json\/wp\/v2\/comments?post=41418"}],"version-history":[{"count":0,"href":"https:\/\/www.europesays.com\/pt\/wp-json\/wp\/v2\/posts\/41418\/revisions"}],"wp:featuredmedia":[{"embeddable":true,"href":"https:\/\/www.europesays.com\/pt\/wp-json\/wp\/v2\/media\/41419"}],"wp:attachment":[{"href":"https:\/\/www.europesays.com\/pt\/wp-json\/wp\/v2\/media?parent=41418"}],"wp:term":[{"taxonomy":"category","embeddable":true,"href":"https:\/\/www.europesays.com\/pt\/wp-json\/wp\/v2\/categories?post=41418"},{"taxonomy":"post_tag","embeddable":true,"href":"https:\/\/www.europesays.com\/pt\/wp-json\/wp\/v2\/tags?post=41418"}],"curies":[{"name":"wp","href":"https:\/\/api.w.org\/{rel}","templated":true}]}}