{"id":414243,"date":"2026-06-11T18:28:23","date_gmt":"2026-06-11T18:28:23","guid":{"rendered":"https:\/\/www.europesays.com\/pt\/414243\/"},"modified":"2026-06-11T18:28:23","modified_gmt":"2026-06-11T18:28:23","slug":"iconica-ex-concorrente-aumenta-a-familia-e-o-anuncio-e-amoroso-depois-de-meses-consegui-secret-story","status":"publish","type":"post","link":"https:\/\/www.europesays.com\/pt\/414243\/","title":{"rendered":"Ic\u00f3nica ex-concorrente aumenta a fam\u00edlia. E o an\u00fancio \u00e9 amoroso: \u00abDepois de meses consegui\u00bb &#8211; Secret Story"},"content":{"rendered":"<p>Entrou num reality-show da TVI e agora surpreendeu os f\u00e3s ao partilhar uma novidade muito especial: Lara Moniz, <a href=\"https:\/\/tvi.iol.pt\/secretstory\/lara-moniz\/transplante-capilar\/irreconhecivel-depois-de-rapar-o-cabelo-esta-ex-concorrente-assume-visual-que-escondeu-durante-meses\" rel=\"nofollow noopener\" target=\"_blank\">ex-concorrente de <\/a><a href=\"https:\/\/tvi.iol.pt\/secretstory\/lara-moniz\/transplante-capilar\/irreconhecivel-depois-de-rapar-o-cabelo-esta-ex-concorrente-assume-visual-que-escondeu-durante-meses\" rel=\"nofollow noopener\" target=\"_blank\">O Tri\u00e2ngulo,<\/a>\u00a0revelou que decidiu aumentar a fam\u00edlia com a chegada de um novo companheiro de quatro patas.<\/p>\n<p><a href=\"https:\/\/tvi.iol.pt\/secretstory\/fotos\/lara-moniz-irreconhecivel-apos-transplante-capilar-as-fotografias-do-antes-e-depois-impressionam\/6a10700ad34edcee7c647acc\" rel=\"nofollow noopener\" target=\"_blank\">Atrav\u00e9s de um v\u00eddeo publicado no Instagram, Lara apresentou<\/a> oficialmente Zack, o c\u00e3o que h\u00e1 muito desejava ter, mas que durante anos foi impedida de adotar devido \u00e0s alergias de que sofre. A\u00a0jovem explicou que a chegada do animal representa a concretiza\u00e7\u00e3o de um sonho antigo, tornado poss\u00edvel ap\u00f3s um longo processo.<\/p>\n<p>\u00abOmgggggg \ud83d\ude2d\ud83d\ude2d\ud83d\ude2d\ud83d\ude2d\ud83d\ude2d\ud83d\ude2d Depois de muito tempo a querer ter um c\u00e3o mas n\u00e3o poder por causa das minhas alergias \u2026 \ud83d\ude2d depois de muitas vacinas \/ imunoterapia para atenuar os meus sintomas\u2026 consegui dar o passo que tanto queria e fui busc\u00e1-lo \ud83e\udd79\ud83d\ude2d\u00bb, come\u00e7ou por escrever.<\/p>\n<p>\u00a0<\/p>\n<p>Lara Moniz n\u00e3o escondeu a felicidade com a nova fase que est\u00e1 a viver e revelou o impacto positivo que Zack j\u00e1 teve no seu dia a dia: \u00abEstamos t\u00e3o felizes, a paz que ele nos transmite \u00e9 indescrit\u00edvel, ele \u00e9 PERFEITO \ud83d\ude2d\ud83d\ude2d\ud83e\udd7a sonhei tanto com isto, we are so blessed to have him!! Digam ol\u00e1 ao ZACK\u00bb, acrescentou.<\/p>\n<p>Nas imagens partilhadas, \u00e9 poss\u00edvel ver alguns dos primeiros momentos do novo membro da fam\u00edlia, numa publica\u00e7\u00e3o que rapidamente conquistou os seguidores da ex-concorrente. A caixa de coment\u00e1rios encheu-se de mensagens de carinho, felicita\u00e7\u00f5es e muitos elogios ao pequeno Zack.<\/p>\n<p>Depois de anos a lidar com as limita\u00e7\u00f5es provocadas pelas alergias, Lara Moniz conseguiu finalmente concretizar um dos seus maiores desejos, iniciando agora uma nova aventura ao lado do seu insepar\u00e1vel companheiro de quatro patas.<\/p>\n","protected":false},"excerpt":{"rendered":"Entrou num reality-show da TVI e agora surpreendeu os f\u00e3s ao partilhar uma novidade muito especial: Lara Moniz,&hellip;\n","protected":false},"author":2,"featured_media":414244,"comment_status":"","ping_status":"","sticky":false,"template":"","format":"standard","meta":{"footnotes":"","_share_on_mastodon":"0"},"categories":[142],"tags":[18706,114,115,18705,67828,7792,32,33,151,18704],"class_list":["post-414243","post","type-post","status-publish","format-standard","has-post-thumbnail","category-tv","tag-bastidores-secret-story","tag-entertainment","tag-entretenimento","tag-entrevistas-concorrentes-tvi","tag-lara-moniz","tag-o-triangulo","tag-portugal","tag-pt","tag-tv","tag-vida-fora-da-casa"],"share_on_mastodon":{"url":"https:\/\/pubeurope.com\/@pt\/116732893735717452","error":""},"_links":{"self":[{"href":"https:\/\/www.europesays.com\/pt\/wp-json\/wp\/v2\/posts\/414243","targetHints":{"allow":["GET"]}}],"collection":[{"href":"https:\/\/www.europesays.com\/pt\/wp-json\/wp\/v2\/posts"}],"about":[{"href":"https:\/\/www.europesays.com\/pt\/wp-json\/wp\/v2\/types\/post"}],"author":[{"embeddable":true,"href":"https:\/\/www.europesays.com\/pt\/wp-json\/wp\/v2\/users\/2"}],"replies":[{"embeddable":true,"href":"https:\/\/www.europesays.com\/pt\/wp-json\/wp\/v2\/comments?post=414243"}],"version-history":[{"count":0,"href":"https:\/\/www.europesays.com\/pt\/wp-json\/wp\/v2\/posts\/414243\/revisions"}],"wp:featuredmedia":[{"embeddable":true,"href":"https:\/\/www.europesays.com\/pt\/wp-json\/wp\/v2\/media\/414244"}],"wp:attachment":[{"href":"https:\/\/www.europesays.com\/pt\/wp-json\/wp\/v2\/media?parent=414243"}],"wp:term":[{"taxonomy":"category","embeddable":true,"href":"https:\/\/www.europesays.com\/pt\/wp-json\/wp\/v2\/categories?post=414243"},{"taxonomy":"post_tag","embeddable":true,"href":"https:\/\/www.europesays.com\/pt\/wp-json\/wp\/v2\/tags?post=414243"}],"curies":[{"name":"wp","href":"https:\/\/api.w.org\/{rel}","templated":true}]}}