{"id":414269,"date":"2026-06-11T18:49:28","date_gmt":"2026-06-11T18:49:28","guid":{"rendered":"https:\/\/www.europesays.com\/pt\/414269\/"},"modified":"2026-06-11T18:49:28","modified_gmt":"2026-06-11T18:49:28","slug":"byd-lanca-carregamento-rapido-de-1500kw-ate-70-em-apenas-5-minutos","status":"publish","type":"post","link":"https:\/\/www.europesays.com\/pt\/414269\/","title":{"rendered":"BYD lan\u00e7a carregamento r\u00e1pido de 1500kW: at\u00e9 70% em apenas 5 minutos"},"content":{"rendered":"<p>A BYD deu mais um passo na evolu\u00e7\u00e3o da mobilidade el\u00e9trica ao apresentar oficialmente no Reino Unido a sua nova tecnologia Flash Charging, uma solu\u00e7\u00e3o de carregamento ultrarr\u00e1pido que promete reduzir significativamente os tempos de espera dos condutores de ve\u00edculos el\u00e9tricos.<\/p>\n<p><a target=\"_blank\" href=\"https:\/\/pplware.sapo.pt\/wp-content\/uploads\/2026\/06\/byd_x01-1.jpg\" onclick=\"refreshIframe()\" class=\"foobox\" rel=\"nofollow noopener\"><img fetchpriority=\"high\" decoding=\"async\" src=\"https:\/\/www.europesays.com\/pt\/wp-content\/uploads\/2026\/06\/byd_x01-1-720x405.jpg\" alt=\"BYD lan\u00e7a carregamento r\u00e1pido de 1500kW: 70% em apenas 5 minutos\" width=\"720\" height=\"405\" class=\"aligncenter wp-image-1124055 size-medium\"  \/><\/a><\/p>\n<p>O lan\u00e7amento decorreu na sede da marca no Reino Unido e contou com a presen\u00e7a de Stella Li, Vice-Presidente Executiva da BYD, que destacou a import\u00e2ncia desta inova\u00e7\u00e3o para o futuro da mobilidade el\u00e9trica.<\/p>\n<p><a target=\"_blank\" href=\"https:\/\/pplware.sapo.pt\/wp-content\/uploads\/2026\/06\/byd_x02.jpg\" onclick=\"refreshIframe()\" class=\"foobox\" rel=\"nofollow noopener\"><img loading=\"lazy\" decoding=\"async\" src=\"https:\/\/www.europesays.com\/pt\/wp-content\/uploads\/2026\/06\/byd_x02-720x405.jpg\" alt=\"BYD lan\u00e7a carregamento r\u00e1pido de 1500kW: 70% em apenas 5 minutos\" width=\"720\" height=\"405\" class=\"aligncenter wp-image-1124056 size-medium\"  \/><\/a><\/p>\n<p>Tecnologia baseada na nova Blade Battery<\/p>\n<p>Segundo a fabricante chinesa, o sistema de carregamento r\u00e1pido \u00e9 suportado pela <strong>Blade Battery de segunda gera\u00e7\u00e3o,<\/strong> uma evolu\u00e7\u00e3o da tecnologia de baterias da BYD que procura aumentar a velocidade de carregamento sem comprometer a seguran\u00e7a ou a durabilidade.<\/p>\n<p>Os primeiros utilizadores brit\u00e2nicos a experimentar esta tecnologia ser\u00e3o os propriet\u00e1rios do DENZA Z9GT, modelo premium da marca.<\/p>\n<p><a target=\"_blank\" href=\"https:\/\/pplware.sapo.pt\/wp-content\/uploads\/2026\/06\/byd-x03.jpg\" onclick=\"refreshIframe()\" class=\"foobox\" rel=\"nofollow noopener\"><img loading=\"lazy\" decoding=\"async\" src=\"https:\/\/www.europesays.com\/pt\/wp-content\/uploads\/2026\/06\/byd-x03-720x405.jpg\" alt=\"BYD lan\u00e7a carregamento r\u00e1pido de 1500kW: 70% em apenas 5 minutos\" width=\"720\" height=\"405\" class=\"aligncenter wp-image-1124057 size-medium\"  \/><\/a><\/p>\n<p>Carregamento de 10% para 70% em apenas 5 minutos:<\/p>\n<p>Durante a demonstra\u00e7\u00e3o realizada pela BYD, foram apresentados n\u00fameros bastante expressivos:<\/p>\n<ul>\n<li>Carregamento de 10% para 70% em apenas 5 minutos;<\/li>\n<li>At\u00e9 97% de carga em cerca de 9 minutos;<\/li>\n<li>Em condi\u00e7\u00f5es extremas de frio, a -30\u00b0C, o aumento do tempo de carregamento foi de apenas 3 minutos.<\/li>\n<\/ul>\n<p><a target=\"_blank\" href=\"https:\/\/pplware.sapo.pt\/wp-content\/uploads\/2026\/06\/Byd_x03.jpg\" onclick=\"refreshIframe()\" class=\"foobox\" rel=\"nofollow noopener\"><img loading=\"lazy\" decoding=\"async\" src=\"https:\/\/www.europesays.com\/pt\/wp-content\/uploads\/2026\/06\/Byd_x03-720x405.jpg\" alt=\"\" width=\"720\" height=\"405\" class=\"aligncenter size-medium wp-image-1124060\"  \/><\/a><\/p>\n<p>Galeria de fotos<\/p>\n<p>Se estes resultados forem replicados em condi\u00e7\u00f5es reais de utiliza\u00e7\u00e3o, poder\u00e3o representar uma das maiores evolu\u00e7\u00f5es dos \u00faltimos anos na experi\u00eancia de carregamento de ve\u00edculos el\u00e9tricos.<\/p>\n<p>Nos \u00faltimos anos, v\u00e1rios fabricantes t\u00eam investido em solu\u00e7\u00f5es de carregamento cada vez mais r\u00e1pidas, mas os n\u00fameros agora apresentados pela BYD colocam a empresa entre os principais protagonistas desta corrida tecnol\u00f3gica.<\/p>\n<p>Caso a infraestrutura acompanhe a evolu\u00e7\u00e3o das baterias e dos ve\u00edculos, o carregamento de um autom\u00f3vel el\u00e9trico poder\u00e1, em breve, demorar apenas alguns minutos, tornando-se praticamente t\u00e3o r\u00e1pido quanto uma paragem numa esta\u00e7\u00e3o de combust\u00edvel tradicional.<\/p>\n","protected":false},"excerpt":{"rendered":"A BYD deu mais um passo na evolu\u00e7\u00e3o da mobilidade el\u00e9trica ao apresentar oficialmente no Reino Unido a&hellip;\n","protected":false},"author":2,"featured_media":414270,"comment_status":"","ping_status":"","sticky":false,"template":"","format":"standard","meta":{"footnotes":"","_share_on_mastodon":"0"},"categories":[83],"tags":[88,3895,89,90,32,33],"class_list":["post-414269","post","type-post","status-publish","format-standard","has-post-thumbnail","category-empresas","tag-business","tag-byd","tag-economy","tag-empresas","tag-portugal","tag-pt"],"share_on_mastodon":{"url":"https:\/\/pubeurope.com\/@pt\/116732977344045720","error":""},"_links":{"self":[{"href":"https:\/\/www.europesays.com\/pt\/wp-json\/wp\/v2\/posts\/414269","targetHints":{"allow":["GET"]}}],"collection":[{"href":"https:\/\/www.europesays.com\/pt\/wp-json\/wp\/v2\/posts"}],"about":[{"href":"https:\/\/www.europesays.com\/pt\/wp-json\/wp\/v2\/types\/post"}],"author":[{"embeddable":true,"href":"https:\/\/www.europesays.com\/pt\/wp-json\/wp\/v2\/users\/2"}],"replies":[{"embeddable":true,"href":"https:\/\/www.europesays.com\/pt\/wp-json\/wp\/v2\/comments?post=414269"}],"version-history":[{"count":0,"href":"https:\/\/www.europesays.com\/pt\/wp-json\/wp\/v2\/posts\/414269\/revisions"}],"wp:featuredmedia":[{"embeddable":true,"href":"https:\/\/www.europesays.com\/pt\/wp-json\/wp\/v2\/media\/414270"}],"wp:attachment":[{"href":"https:\/\/www.europesays.com\/pt\/wp-json\/wp\/v2\/media?parent=414269"}],"wp:term":[{"taxonomy":"category","embeddable":true,"href":"https:\/\/www.europesays.com\/pt\/wp-json\/wp\/v2\/categories?post=414269"},{"taxonomy":"post_tag","embeddable":true,"href":"https:\/\/www.europesays.com\/pt\/wp-json\/wp\/v2\/tags?post=414269"}],"curies":[{"name":"wp","href":"https:\/\/api.w.org\/{rel}","templated":true}]}}