{"id":414330,"date":"2026-06-11T19:54:14","date_gmt":"2026-06-11T19:54:14","guid":{"rendered":"https:\/\/www.europesays.com\/pt\/414330\/"},"modified":"2026-06-11T19:54:14","modified_gmt":"2026-06-11T19:54:14","slug":"diana-chaves-enfrenta-reviravolta-na-vida-pessoal","status":"publish","type":"post","link":"https:\/\/www.europesays.com\/pt\/414330\/","title":{"rendered":"Diana Chaves enfrenta reviravolta na vida pessoal"},"content":{"rendered":"<p>A vida de <a href=\"https:\/\/selfie.iol.pt\/famosos\/cesar-peixoto\/foto-rara-filha-de-diana-chaves-ja-tem-14-anos-e-impressiona-tudo-e-todos-princesa-linda\/20260211\/698c678ad34e92a34498b7ac\" rel=\"noopener noreferrer nofollow\" target=\"_blank\">Diana Chaves<\/a> prepara-se para uma mudan\u00e7a dr\u00e1stica. Segundo a imprensa nacional, o Gil Vicente chegou a um acordo com o Wolverhampton e, com isto, C\u00e9sar Peixoto despedir-se-\u00e1 dos galos e orientar\u00e1 o clube ingl\u00eas.<\/p>\n<p>Desta forma, o treinador vai deixar Portugal para ajudar os adeptos do Wolverhampton, que desceu ao segundo escal\u00e3o, a voltar a sorrir.<\/p>\n<p>No nosso pa\u00eds, ficar\u00e3o Diana Chaves e a filha de ambos, Pilar, atualmente com 14 anos. O trabalho em televis\u00e3o, enquanto anfitri\u00e3 do programa da SIC &#8220;Casa Feliz&#8221;, n\u00e3o permite sequer colocar como cen\u00e1rio a possibilidade de a apresentadora seguir as pisadas do companheiro.<\/p>\n<p>Veja, agora, nas galerias que prepar\u00e1mos para si, as melhores imagens de <a href=\"https:\/\/selfie.iol.pt\/famosos\/andreia-rodrigues\/diana-chaves-vive-momento-arrepiante-com-a-filha-para-quem-acredita-e-um-sinal\/20260412\/69dbc3cdd34e28842c82cfa2\" rel=\"noopener noreferrer nofollow\" target=\"_blank\">Diana Chaves<\/a> e da respetiva fam\u00edlia.<\/p>\n","protected":false},"excerpt":{"rendered":"A vida de Diana Chaves prepara-se para uma mudan\u00e7a dr\u00e1stica. Segundo a imprensa nacional, o Gil Vicente chegou&hellip;\n","protected":false},"author":2,"featured_media":414331,"comment_status":"","ping_status":"","sticky":false,"template":"","format":"standard","meta":{"footnotes":"","_share_on_mastodon":"0"},"categories":[145],"tags":[3539,211,210,10855,13986,114,115,980,524,9112,619,32,33,1012,1751,2710,4157],"class_list":["post-414330","post","type-post","status-publish","format-standard","has-post-thumbnail","category-celebridades","tag-apresentadora","tag-celebridades","tag-celebrities","tag-cesar-peixoto","tag-diana-chaves","tag-entertainment","tag-entretenimento","tag-famosos","tag-futebol","tag-gil-vicente","tag-nacional","tag-portugal","tag-pt","tag-selfie","tag-sic","tag-treinador","tag-wolverhampton"],"share_on_mastodon":{"url":"https:\/\/pubeurope.com\/@pt\/116733232265764558","error":""},"_links":{"self":[{"href":"https:\/\/www.europesays.com\/pt\/wp-json\/wp\/v2\/posts\/414330","targetHints":{"allow":["GET"]}}],"collection":[{"href":"https:\/\/www.europesays.com\/pt\/wp-json\/wp\/v2\/posts"}],"about":[{"href":"https:\/\/www.europesays.com\/pt\/wp-json\/wp\/v2\/types\/post"}],"author":[{"embeddable":true,"href":"https:\/\/www.europesays.com\/pt\/wp-json\/wp\/v2\/users\/2"}],"replies":[{"embeddable":true,"href":"https:\/\/www.europesays.com\/pt\/wp-json\/wp\/v2\/comments?post=414330"}],"version-history":[{"count":0,"href":"https:\/\/www.europesays.com\/pt\/wp-json\/wp\/v2\/posts\/414330\/revisions"}],"wp:featuredmedia":[{"embeddable":true,"href":"https:\/\/www.europesays.com\/pt\/wp-json\/wp\/v2\/media\/414331"}],"wp:attachment":[{"href":"https:\/\/www.europesays.com\/pt\/wp-json\/wp\/v2\/media?parent=414330"}],"wp:term":[{"taxonomy":"category","embeddable":true,"href":"https:\/\/www.europesays.com\/pt\/wp-json\/wp\/v2\/categories?post=414330"},{"taxonomy":"post_tag","embeddable":true,"href":"https:\/\/www.europesays.com\/pt\/wp-json\/wp\/v2\/tags?post=414330"}],"curies":[{"name":"wp","href":"https:\/\/api.w.org\/{rel}","templated":true}]}}