{"id":414377,"date":"2026-06-11T20:40:13","date_gmt":"2026-06-11T20:40:13","guid":{"rendered":"https:\/\/www.europesays.com\/pt\/414377\/"},"modified":"2026-06-11T20:40:13","modified_gmt":"2026-06-11T20:40:13","slug":"casou-ha-dias-e-ja-esta-no-paraiso-bruno-savate-vive-lua-de-mel-num-dos-destinos-mais-desejados-do-mundo-secret-story","status":"publish","type":"post","link":"https:\/\/www.europesays.com\/pt\/414377\/","title":{"rendered":"Casou h\u00e1 dias e j\u00e1 est\u00e1 no para\u00edso: Bruno Savate vive lua de mel num dos destinos mais desejados do mundo &#8211; Secret Story"},"content":{"rendered":"<p><strong>Bruno Savate<\/strong> est\u00e1 a viver uma das fases mais felizes da sua vida. Depois de ter dado o n\u00f3 com <strong>Liliana Rocha<\/strong> no passado dia 5 de junho, o veterano dos reality shows da TVI <strong>rumou \u00e0s Maldivas para desfrutar de uma lua de mel de sonho<\/strong>.<\/p>\n<p>Nas redes sociais, o ex-concorrente do\u00a0<a href=\"https:\/\/tvi.iol.pt\/secretstory\/\" target=\"_blank\" rel=\"nofollow noopener\"><strong>Secret Story &#8211; Casa dos Segredos<\/strong><\/a> tem partilhado v\u00e1rios registos da viagem, mostrando paisagens de cortar a respira\u00e7\u00e3o, praias de areia branca e \u00e1guas cristalinas.<\/p>\n<p>Num dos posts publicados no Instagram, Bruno Savate escreveu: <strong>\u00abSol na pele, areia nos p\u00e9s e boa vibe no cora\u00e7\u00e3o. Quem n\u00e3o gosta?\u00bb<\/strong>. J\u00e1 noutra publica\u00e7\u00e3o, mostrou-se completamente rendido ao destino escolhido para celebrar o amor: <strong>\u00abH\u00e1 lugares que parecem um sonho\u2026 Sim, \u00e9 verdade, o para\u00edso existe\u00bb<\/strong>.<\/p>\n<p>As imagens rapidamente conquistaram os seguidores, que n\u00e3o pouparam elogios ao casal e ao cen\u00e1rio paradis\u00edaco onde est\u00e3o a viver os primeiros dias de casados.<\/p>\n<p>Recorde-se que <strong>Bruno Savate e Liliana Rocha trocaram alian\u00e7as numa cerim\u00f3nia intimista, rodeados de familiares e amigos<\/strong>. Um dos momentos mais comentados foi <a href=\"https:\/\/tvi.iol.pt\/secretstory\/bruno-savate\/voz\/bruno-savate-e-surpreendido-com-presenca-rara-da-voz-no-seu-casamento-e-o-momento-e-de-ir-as-lagrimas\" target=\"_blank\" rel=\"nofollow noopener\">a mensagem especial enviada pela Voz do Secret Story, que fez quest\u00e3o de felicitar o casal apesar de n\u00e3o poder estar presente<\/a>.<\/p>\n<p>Agora, longe dos holofotes e das pol\u00e9micas que marcaram parte do seu percurso televisivo, Bruno Savate parece estar a aproveitar ao m\u00e1ximo esta nova etapa da sua vida, num destino que muitos consideram um verdadeiro para\u00edso na Terra. <strong>Percorra a galeria e veja todas as fotografias<\/strong>.<\/p>\n<p><strong>Veja tamb\u00e9m:\u00a0<a href=\"https:\/\/tvi.iol.pt\/secretstory\/noelia-pereira\/bruno-savate\/noelia-pereira-gera-polemica-no-casamento-de-bruno-savate-tudo-por-causa-de-um-simples-vestido\" target=\"_blank\" rel=\"nofollow noopener\">No\u00e9lia Pereira gera pol\u00e9mica no casamento de Bruno Savate. Tudo por causa de um simples vestido<\/a><\/strong><\/p>\n","protected":false},"excerpt":{"rendered":"Bruno Savate est\u00e1 a viver uma das fases mais felizes da sua vida. Depois de ter dado o&hellip;\n","protected":false},"author":2,"featured_media":414378,"comment_status":"","ping_status":"","sticky":false,"template":"","format":"standard","meta":{"footnotes":"","_share_on_mastodon":"0"},"categories":[142],"tags":[18706,1253,1435,114,115,18705,1649,32,33,151,18704],"class_list":["post-414377","post","type-post","status-publish","format-standard","has-post-thumbnail","category-tv","tag-bastidores-secret-story","tag-bruno-savate","tag-casamento","tag-entertainment","tag-entretenimento","tag-entrevistas-concorrentes-tvi","tag-lua-de-mel","tag-portugal","tag-pt","tag-tv","tag-vida-fora-da-casa"],"share_on_mastodon":{"url":"https:\/\/pubeurope.com\/@pt\/116733413082458656","error":""},"_links":{"self":[{"href":"https:\/\/www.europesays.com\/pt\/wp-json\/wp\/v2\/posts\/414377","targetHints":{"allow":["GET"]}}],"collection":[{"href":"https:\/\/www.europesays.com\/pt\/wp-json\/wp\/v2\/posts"}],"about":[{"href":"https:\/\/www.europesays.com\/pt\/wp-json\/wp\/v2\/types\/post"}],"author":[{"embeddable":true,"href":"https:\/\/www.europesays.com\/pt\/wp-json\/wp\/v2\/users\/2"}],"replies":[{"embeddable":true,"href":"https:\/\/www.europesays.com\/pt\/wp-json\/wp\/v2\/comments?post=414377"}],"version-history":[{"count":0,"href":"https:\/\/www.europesays.com\/pt\/wp-json\/wp\/v2\/posts\/414377\/revisions"}],"wp:featuredmedia":[{"embeddable":true,"href":"https:\/\/www.europesays.com\/pt\/wp-json\/wp\/v2\/media\/414378"}],"wp:attachment":[{"href":"https:\/\/www.europesays.com\/pt\/wp-json\/wp\/v2\/media?parent=414377"}],"wp:term":[{"taxonomy":"category","embeddable":true,"href":"https:\/\/www.europesays.com\/pt\/wp-json\/wp\/v2\/categories?post=414377"},{"taxonomy":"post_tag","embeddable":true,"href":"https:\/\/www.europesays.com\/pt\/wp-json\/wp\/v2\/tags?post=414377"}],"curies":[{"name":"wp","href":"https:\/\/api.w.org\/{rel}","templated":true}]}}