{"id":414831,"date":"2026-06-12T06:46:23","date_gmt":"2026-06-12T06:46:23","guid":{"rendered":"https:\/\/www.europesays.com\/pt\/414831\/"},"modified":"2026-06-12T06:46:23","modified_gmt":"2026-06-12T06:46:23","slug":"tribunal-constitucional-em-foco-escolha-partidaria-estreia-do-chega-e-limites-da-politizacao-em-portugal","status":"publish","type":"post","link":"https:\/\/www.europesays.com\/pt\/414831\/","title":{"rendered":"Tribunal Constitucional em foco: escolha partid\u00e1ria, estreia do Chega e limites da politiza\u00e7\u00e3o em Portugal"},"content":{"rendered":"<p>Ju\u00edzes nomeados para o Tribunal Constitucional v\u00e3o a votos esta sexta-feira, 12 de junho, no Parlamento.Foto: Paulo Spranger<\/p>\n<p><a class=\"arrow-component arr--section-name\" aria-label=\"section-name\" href=\"https:\/\/www.dn.pt\/pol%C3%ADtica\" rel=\"nofollow noopener\" target=\"_blank\">Pol\u00edtica<\/a><\/p>\n<p>O Parlamento elege esta sexta-feira quatro novos membros do TC. Pela primeira vez, um deles foi indicado pelo Chega. A escolha \u00e9 pol\u00edtica; a quest\u00e3o \u00e9 saber at\u00e9 onde, depois da vota\u00e7\u00e3o, a pol\u00edtica acompanha os ju\u00edzes.<\/p>\n<p><a aria-label=\"author-image\" href=\"https:\/\/www.dn.pt\/author\/alexandra-tavares-teles\" rel=\"nofollow noopener\" target=\"_blank\"><img decoding=\"async\" src=\"data:image\/gif;base64,R0lGODlhAQABAAD\/ACwAAAAAAQABAAACADs=\" alt=\"Alexandra Tavares-Teles\" width=\"100%\" height=\"100%\"  class=\"qt-image\"\/><\/a>Publicado a:\u00a0<\/p>\n<p>11 Jun 2026, 17:34<\/p>\n<p>Loading content, please wait&#8230;<\/p>\n","protected":false},"excerpt":{"rendered":"Ju\u00edzes nomeados para o Tribunal Constitucional v\u00e3o a votos esta sexta-feira, 12 de junho, no Parlamento.Foto: Paulo Spranger&hellip;\n","protected":false},"author":2,"featured_media":414832,"comment_status":"","ping_status":"","sticky":false,"template":"","format":"standard","meta":{"footnotes":"","_share_on_mastodon":"0"},"categories":[10],"tags":[2030,27,28,15,16,14,26272,25,26,21,22,12,13,19,20,67880,52,32,23,24,33,17,18,298,29,30,31],"class_list":["post-414831","post","type-post","status-publish","format-standard","has-post-thumbnail","category-portugal","tag-assembleia-da-republica","tag-breaking-news","tag-breakingnews","tag-featured-news","tag-featurednews","tag-headlines","tag-juizes","tag-latest-news","tag-latestnews","tag-main-news","tag-mainnews","tag-news","tag-noticias","tag-noticias-principais","tag-noticiasprincipais","tag-partidarizacao","tag-politica","tag-portugal","tag-principais-noticias","tag-principaisnoticias","tag-pt","tag-top-stories","tag-topstories","tag-tribunal-constitucional","tag-ultimas","tag-ultimas-noticias","tag-ultimasnoticias"],"share_on_mastodon":{"url":"https:\/\/pubeurope.com\/@pt\/116735795750959230","error":""},"_links":{"self":[{"href":"https:\/\/www.europesays.com\/pt\/wp-json\/wp\/v2\/posts\/414831","targetHints":{"allow":["GET"]}}],"collection":[{"href":"https:\/\/www.europesays.com\/pt\/wp-json\/wp\/v2\/posts"}],"about":[{"href":"https:\/\/www.europesays.com\/pt\/wp-json\/wp\/v2\/types\/post"}],"author":[{"embeddable":true,"href":"https:\/\/www.europesays.com\/pt\/wp-json\/wp\/v2\/users\/2"}],"replies":[{"embeddable":true,"href":"https:\/\/www.europesays.com\/pt\/wp-json\/wp\/v2\/comments?post=414831"}],"version-history":[{"count":0,"href":"https:\/\/www.europesays.com\/pt\/wp-json\/wp\/v2\/posts\/414831\/revisions"}],"wp:featuredmedia":[{"embeddable":true,"href":"https:\/\/www.europesays.com\/pt\/wp-json\/wp\/v2\/media\/414832"}],"wp:attachment":[{"href":"https:\/\/www.europesays.com\/pt\/wp-json\/wp\/v2\/media?parent=414831"}],"wp:term":[{"taxonomy":"category","embeddable":true,"href":"https:\/\/www.europesays.com\/pt\/wp-json\/wp\/v2\/categories?post=414831"},{"taxonomy":"post_tag","embeddable":true,"href":"https:\/\/www.europesays.com\/pt\/wp-json\/wp\/v2\/tags?post=414831"}],"curies":[{"name":"wp","href":"https:\/\/api.w.org\/{rel}","templated":true}]}}