{"id":415131,"date":"2026-06-12T13:26:12","date_gmt":"2026-06-12T13:26:12","guid":{"rendered":"https:\/\/www.europesays.com\/pt\/415131\/"},"modified":"2026-06-12T13:26:12","modified_gmt":"2026-06-12T13:26:12","slug":"noticia-vacinacao-contra-a-influenza-sera-realizada-em-igrejas-de-botucatu-neste-domingo-dia-14","status":"publish","type":"post","link":"https:\/\/www.europesays.com\/pt\/415131\/","title":{"rendered":"Not\u00edcia &#8211; Vacina\u00e7\u00e3o contra a Influenza ser\u00e1 realizada em igrejas de Botucatu neste domingo, dia 14"},"content":{"rendered":"<p>Sa\u00fade busca ampliar a cobertura vacinal e proteger a popula\u00e7\u00e3o contra doen\u00e7as respirat\u00f3rias <\/p>\n<p>A Secretaria Municipal de Sa\u00fade realizar\u00e1 neste domingo, 14 de junho, uma a\u00e7\u00e3o especial de intensifica\u00e7\u00e3o da vacina\u00e7\u00e3o contra a Influenza em diversas igrejas do munic\u00edpio. A imuniza\u00e7\u00e3o ocorrer\u00e1 no per\u00edodo da manh\u00e3, logo ap\u00f3s as missas e cultos, com o objetivo de facilitar o acesso da popula\u00e7\u00e3o \u00e0 vacina e ampliar a cobertura vacinal.<\/p>\n<p>\u00a0<\/p>\n<p>A iniciativa acontece em um momento de aumento da circula\u00e7\u00e3o de v\u00edrus respirat\u00f3rios, comum durante os meses mais frios do ano. A vacina\u00e7\u00e3o \u00e9 uma das principais formas de preven\u00e7\u00e3o contra casos graves de gripe, reduzindo o risco de complica\u00e7\u00f5es, interna\u00e7\u00f5es e \u00f3bitos relacionados \u00e0 doen\u00e7a.<\/p>\n<p>\u00a0<\/p>\n<p>A vacina contra a Influenza est\u00e1 dispon\u00edvel para toda a popula\u00e7\u00e3o a partir dos 6 meses de idade. A Secretaria de Sa\u00fade refor\u00e7a a import\u00e2ncia de que crian\u00e7as, adultos e idosos mantenham sua imuniza\u00e7\u00e3o em dia, contribuindo para a prote\u00e7\u00e3o individual e coletiva.<\/p>\n<p>\u00a0<\/p>\n<p>A vacina\u00e7\u00e3o ser\u00e1 realizada nos seguintes locais:<br \/><strong>07h30\u00a0<\/strong><br \/>. Igreja S\u00e3o Pio X (Rua Jos\u00e9 Ventrela \u2013 Jardim Reflorenda);<\/p>\n<p><strong>08 horas<\/strong><br \/>. Par\u00f3quia Sagrada Fam\u00edlia (Rua Carlos Bauer Filho \u2013 Jardim Brasil);<br \/>. Par\u00f3quia Sant\u00edssimo Sacramento (Rua Benedito Matias da Penha \u2013 Comerci\u00e1rios);<br \/>. Par\u00f3quia Nossa Senhora Menina (Rua Jo\u00e3o Morato da Concei\u00e7\u00e3o \u2013 Vila Maria);<br \/>. Capela S\u00e3o Crist\u00f3v\u00e3o (Rua Jo\u00e3o de Oliveira \u2013 Jardim Para\u00edso II);<\/p>\n<p><strong>08h30\u00a0<\/strong><br \/>. Igreja Sagrado Cora\u00e7\u00e3o de Jesus (Pra\u00e7a Cavalheiro Virg\u00ednio Lunardi \u2013 Vila dos Lavradores);<br \/>. Igreja Nossa Senhora de F\u00e1tima (Rua Nossa Sra. de F\u00e1tima \u2013 Vila Ant\u00e1rtica);<\/p>\n<p><strong>10 horas<\/strong><br \/>. Igreja Batista Filad\u00e9lfia (Rua Eug\u00eanio Herbst \u2013 Jardim Reflorenda);<br \/>. Capela Nossa Senhora das Dores (Av. Prof\u00b0 Ant\u00f4nio Sidney Ribeiro de Faria \u2013 Jardim Maria Luiza);<br \/>. Par\u00f3quia Divino Pai Eterno (Rua Leonilda Varoli Faconti \u2013 Jardim Monte Mor);<\/p>\n<p>\u00a0<\/p>\n<p>Para receber a vacina, \u00e9 necess\u00e1rio apresentar um documento oficial com foto. Menores de idade dever\u00e3o estar acompanhados por um respons\u00e1vel legal no momento da vacina\u00e7\u00e3o.<\/p>\n<p>\u00a0<\/p>\n<p>Os locais, endere\u00e7os e hor\u00e1rios da a\u00e7\u00e3o est\u00e3o dispon\u00edveis nos canais oficiais da Prefeitura. A expectativa \u00e9 que a iniciativa facilite o acesso da comunidade \u00e0 imuniza\u00e7\u00e3o e fortale\u00e7a as a\u00e7\u00f5es de preven\u00e7\u00e3o em sa\u00fade realizadas no munic\u00edpio.<\/p>\n","protected":false},"excerpt":{"rendered":"Sa\u00fade busca ampliar a cobertura vacinal e proteger a popula\u00e7\u00e3o contra doen\u00e7as respirat\u00f3rias A Secretaria Municipal de Sa\u00fade&hellip;\n","protected":false},"author":2,"featured_media":415132,"comment_status":"","ping_status":"","sticky":false,"template":"","format":"standard","meta":{"footnotes":"","_share_on_mastodon":"0"},"categories":[86],"tags":[34837,1300,116,5231,1133,32,3046,33,117],"class_list":["post-415131","post","type-post","status-publish","format-standard","has-post-thumbnail","category-saude","tag-botucatu","tag-cidade","tag-health","tag-municipal","tag-noticia","tag-portugal","tag-prefeitura","tag-pt","tag-saude"],"share_on_mastodon":{"url":"https:\/\/pubeurope.com\/@pt\/116737368898576843","error":""},"_links":{"self":[{"href":"https:\/\/www.europesays.com\/pt\/wp-json\/wp\/v2\/posts\/415131","targetHints":{"allow":["GET"]}}],"collection":[{"href":"https:\/\/www.europesays.com\/pt\/wp-json\/wp\/v2\/posts"}],"about":[{"href":"https:\/\/www.europesays.com\/pt\/wp-json\/wp\/v2\/types\/post"}],"author":[{"embeddable":true,"href":"https:\/\/www.europesays.com\/pt\/wp-json\/wp\/v2\/users\/2"}],"replies":[{"embeddable":true,"href":"https:\/\/www.europesays.com\/pt\/wp-json\/wp\/v2\/comments?post=415131"}],"version-history":[{"count":0,"href":"https:\/\/www.europesays.com\/pt\/wp-json\/wp\/v2\/posts\/415131\/revisions"}],"wp:featuredmedia":[{"embeddable":true,"href":"https:\/\/www.europesays.com\/pt\/wp-json\/wp\/v2\/media\/415132"}],"wp:attachment":[{"href":"https:\/\/www.europesays.com\/pt\/wp-json\/wp\/v2\/media?parent=415131"}],"wp:term":[{"taxonomy":"category","embeddable":true,"href":"https:\/\/www.europesays.com\/pt\/wp-json\/wp\/v2\/categories?post=415131"},{"taxonomy":"post_tag","embeddable":true,"href":"https:\/\/www.europesays.com\/pt\/wp-json\/wp\/v2\/tags?post=415131"}],"curies":[{"name":"wp","href":"https:\/\/api.w.org\/{rel}","templated":true}]}}