{"id":415163,"date":"2026-06-12T14:02:23","date_gmt":"2026-06-12T14:02:23","guid":{"rendered":"https:\/\/www.europesays.com\/pt\/415163\/"},"modified":"2026-06-12T14:02:23","modified_gmt":"2026-06-12T14:02:23","slug":"estarreja-atropelamento-ferroviario-causou-uma-vitima-mortal","status":"publish","type":"post","link":"https:\/\/www.europesays.com\/pt\/415163\/","title":{"rendered":"Estarreja: Atropelamento ferrovi\u00e1rio causou uma v\u00edtima mortal"},"content":{"rendered":"<p>            <img loading=\"lazy\" decoding=\"async\" width=\"650\" height=\"650\" alt=\"\" title=\"INEM\" src=\"https:\/\/www.europesays.com\/pt\/wp-content\/uploads\/2026\/06\/inem2-e1726580595984.jpg\" class=\"entry-thumb lazyload\"\/>INEM<\/p>\n<p><strong>Um atropelamento ferrovi\u00e1rio na Linha do Norte, junto ao apeadeiro de Salreu, no sul do concelho de Estarreja, causou a morte de um homem.<\/strong><\/p>\n<p>O alerta foi dado pelas 16:41 no sentido Aveiro \u2013 Porto, levando ao corte da circula\u00e7\u00e3o de comboios. Estiveram empenhados meios de socorro dos Bombeiros de Estarreja e do INEM.<\/p>\n<p>A GNR est\u00e1 a investigar as circunst\u00e2ncias da ocorr\u00eancia.  H\u00e1 indica\u00e7\u00f5es que o indiv\u00edduo ter\u00e1 deixado a bicicleta em que se transportava e passou a rede de prote\u00e7\u00e3o da via ferrovi\u00e1ria.<\/p>\n<p>(em atualiza\u00e7\u00e3o)<\/p>\n","protected":false},"excerpt":{"rendered":"INEM Um atropelamento ferrovi\u00e1rio na Linha do Norte, junto ao apeadeiro de Salreu, no sul do concelho de&hellip;\n","protected":false},"author":2,"featured_media":415164,"comment_status":"","ping_status":"","sticky":false,"template":"","format":"standard","meta":{"footnotes":"","_share_on_mastodon":"0"},"categories":[10],"tags":[19727,627,27,28,15,16,14,7923,25,26,21,22,12,13,19,20,32,23,24,33,17,18,29,30,31],"class_list":["post-415163","post","type-post","status-publish","format-standard","has-post-thumbnail","category-portugal","tag-atropelamento-ferroviario","tag-bombeiros","tag-breaking-news","tag-breakingnews","tag-featured-news","tag-featurednews","tag-headlines","tag-inem","tag-latest-news","tag-latestnews","tag-main-news","tag-mainnews","tag-news","tag-noticias","tag-noticias-principais","tag-noticiasprincipais","tag-portugal","tag-principais-noticias","tag-principaisnoticias","tag-pt","tag-top-stories","tag-topstories","tag-ultimas","tag-ultimas-noticias","tag-ultimasnoticias"],"share_on_mastodon":{"url":"https:\/\/pubeurope.com\/@pt\/116737510928210446","error":""},"_links":{"self":[{"href":"https:\/\/www.europesays.com\/pt\/wp-json\/wp\/v2\/posts\/415163","targetHints":{"allow":["GET"]}}],"collection":[{"href":"https:\/\/www.europesays.com\/pt\/wp-json\/wp\/v2\/posts"}],"about":[{"href":"https:\/\/www.europesays.com\/pt\/wp-json\/wp\/v2\/types\/post"}],"author":[{"embeddable":true,"href":"https:\/\/www.europesays.com\/pt\/wp-json\/wp\/v2\/users\/2"}],"replies":[{"embeddable":true,"href":"https:\/\/www.europesays.com\/pt\/wp-json\/wp\/v2\/comments?post=415163"}],"version-history":[{"count":0,"href":"https:\/\/www.europesays.com\/pt\/wp-json\/wp\/v2\/posts\/415163\/revisions"}],"wp:featuredmedia":[{"embeddable":true,"href":"https:\/\/www.europesays.com\/pt\/wp-json\/wp\/v2\/media\/415164"}],"wp:attachment":[{"href":"https:\/\/www.europesays.com\/pt\/wp-json\/wp\/v2\/media?parent=415163"}],"wp:term":[{"taxonomy":"category","embeddable":true,"href":"https:\/\/www.europesays.com\/pt\/wp-json\/wp\/v2\/categories?post=415163"},{"taxonomy":"post_tag","embeddable":true,"href":"https:\/\/www.europesays.com\/pt\/wp-json\/wp\/v2\/tags?post=415163"}],"curies":[{"name":"wp","href":"https:\/\/api.w.org\/{rel}","templated":true}]}}