{"id":415452,"date":"2026-06-12T18:30:45","date_gmt":"2026-06-12T18:30:45","guid":{"rendered":"https:\/\/www.europesays.com\/pt\/415452\/"},"modified":"2026-06-12T18:30:45","modified_gmt":"2026-06-12T18:30:45","slug":"a-hipotese-do-amor-ganha-data-de-lancamento-no-prime-video","status":"publish","type":"post","link":"https:\/\/www.europesays.com\/pt\/415452\/","title":{"rendered":"A Hip\u00f3tese do Amor ganha data de lan\u00e7amento no Prime Video"},"content":{"rendered":"<p>  <img width=\"76\" height=\"40\"   alt=\"Capa da Publica\u00e7\u00e3o\" class=\"article-cover__image\"\/><\/p>\n<p class=\"post__tagline\">Mais uma adapta\u00e7\u00e3o liter\u00e1ria vindo ai<\/p>\n<p>O <strong>Prime Video<\/strong> divulgou a data de lan\u00e7amento do filme <strong>A Hip\u00f3tese do Amor<\/strong>, adapta\u00e7\u00e3o do livro de mesmo nome da autora <strong>Ali Hazelwood<\/strong>!<\/p>\n<p>Ent\u00e3o anota ai pois o longa chega no streaming no dia <strong>23 de setembro<\/strong> deste ano. E junto com o an\u00fancio, novas imagens foram divulgadas pela Cosmopolitan.<\/p>\n<p>O elenco conta com <strong>Lili Reinhart<\/strong> como a protagonista, <strong>Olive Smith<\/strong>, e <strong>Tom Bateman<\/strong> como seu interesse amoroso, <strong>Adam Carlsen<\/strong>. O longa acompanha Olive, uma aluna de doutorado em Biologia na Universidade Stanford, que come\u00e7a um namordo de mentira com Adam, um professor da universidade.<\/p>\n","protected":false},"excerpt":{"rendered":"Mais uma adapta\u00e7\u00e3o liter\u00e1ria vindo ai O Prime Video divulgou a data de lan\u00e7amento do filme A Hip\u00f3tese&hellip;\n","protected":false},"author":2,"featured_media":415453,"comment_status":"","ping_status":"","sticky":false,"template":"","format":"standard","meta":{"footnotes":"","_share_on_mastodon":"0"},"categories":[140],"tags":[114,115,147,148,1657,146,32,48990,67954,33],"class_list":["post-415452","post","type-post","status-publish","format-standard","has-post-thumbnail","category-filmes","tag-entertainment","tag-entretenimento","tag-film","tag-filmes","tag-filmes-terror","tag-movies","tag-portugal","tag-predador-terras-selvagens","tag-predator-badlands","tag-pt"],"share_on_mastodon":{"url":"https:\/\/pubeurope.com\/@pt\/116738564269905370","error":""},"_links":{"self":[{"href":"https:\/\/www.europesays.com\/pt\/wp-json\/wp\/v2\/posts\/415452","targetHints":{"allow":["GET"]}}],"collection":[{"href":"https:\/\/www.europesays.com\/pt\/wp-json\/wp\/v2\/posts"}],"about":[{"href":"https:\/\/www.europesays.com\/pt\/wp-json\/wp\/v2\/types\/post"}],"author":[{"embeddable":true,"href":"https:\/\/www.europesays.com\/pt\/wp-json\/wp\/v2\/users\/2"}],"replies":[{"embeddable":true,"href":"https:\/\/www.europesays.com\/pt\/wp-json\/wp\/v2\/comments?post=415452"}],"version-history":[{"count":0,"href":"https:\/\/www.europesays.com\/pt\/wp-json\/wp\/v2\/posts\/415452\/revisions"}],"wp:featuredmedia":[{"embeddable":true,"href":"https:\/\/www.europesays.com\/pt\/wp-json\/wp\/v2\/media\/415453"}],"wp:attachment":[{"href":"https:\/\/www.europesays.com\/pt\/wp-json\/wp\/v2\/media?parent=415452"}],"wp:term":[{"taxonomy":"category","embeddable":true,"href":"https:\/\/www.europesays.com\/pt\/wp-json\/wp\/v2\/categories?post=415452"},{"taxonomy":"post_tag","embeddable":true,"href":"https:\/\/www.europesays.com\/pt\/wp-json\/wp\/v2\/tags?post=415452"}],"curies":[{"name":"wp","href":"https:\/\/api.w.org\/{rel}","templated":true}]}}