{"id":415719,"date":"2026-06-12T23:09:38","date_gmt":"2026-06-12T23:09:38","guid":{"rendered":"https:\/\/www.europesays.com\/pt\/415719\/"},"modified":"2026-06-12T23:09:38","modified_gmt":"2026-06-12T23:09:38","slug":"roadster-eletrico-de-luxo-denza-da-byd-surge-em-fuga-de-informacao-sao-mais-de-1-500-cv","status":"publish","type":"post","link":"https:\/\/www.europesays.com\/pt\/415719\/","title":{"rendered":"Roadster el\u00e9trico de luxo Denza da BYD surge em fuga de informa\u00e7\u00e3o&#8230; s\u00e3o mais de 1.500 cv"},"content":{"rendered":"<p>A China come\u00e7ou por copiar. Depois aprendeu. Mais tarde igualou os melhores. Hoje, em muitos setores, j\u00e1 lidera. Na ind\u00fastria autom\u00f3vel, essa evolu\u00e7\u00e3o \u00e9 evidente. Marcas como a BYD n\u00e3o s\u00f3 rivalizam com os fabricantes europeus, como tamb\u00e9m est\u00e3o a criar novas refer\u00eancias tecnol\u00f3gicas. Agora, a fabricante chinesa prepara mais um passo ambicioso: um roadster el\u00e9trico de luxo da Denza que poder\u00e1 ultrapassar os 1.500 cv.<\/p>\n<p><a target=\"_blank\" href=\"https:\/\/pplware.sapo.pt\/wp-content\/uploads\/2026\/06\/deza_z_00.webp\" rel=\"nofollow noopener\"><img fetchpriority=\"high\" decoding=\"async\" src=\"https:\/\/www.europesays.com\/pt\/wp-content\/uploads\/2026\/06\/deza_z_00-720x405.webp\" alt=\"Imagem Denza Z\" width=\"720\" height=\"405\" class=\"aligncenter wp-image-1124233 size-medium\"  \/><\/a><\/p>\n<p>A BYD quer \u00e9 desafios<\/p>\n<p>A BYD est\u00e1 prestes a enfrentar diretamente as principais marcas de luxo europeias (e o melhor que a Tesla consegue fazer&#8230; ou diz que consegue!).<\/p>\n<p>Antes do lan\u00e7amento oficial, previsto para o pr\u00f3ximo m\u00eas, <strong>novos detalhes revelam que o Denza Z<\/strong> contar\u00e1 com uma configura\u00e7\u00e3o de tr\u00eas motores el\u00e9tricos, capaz de debitar uns impressionantes 1.528 cv de pot\u00eancia combinada.<\/p>\n<p>BYD Denza Z chega \u00e0 Europa em julho<\/p>\n<p>Vimos pela primeira vez o <strong>roadster el\u00e9trico descapot\u00e1vel no Sal\u00e3o Autom\u00f3vel de Pequim<\/strong>, em abril. Segundo a BYD, a chegada do Denza Z \u201cmarca um momento decisivo para a ind\u00fastria autom\u00f3vel global\u201d.<\/p>\n<p>Enquanto primeira marca autom\u00f3vel premium do mundo focada exclusivamente em novas energias, a BYD acredita que a <strong>Denza conseguir\u00e1 abrir caminho no segmento dos superdesportivos de luxo<\/strong> <a target=\"_blank\" href=\"https:\/\/www.denza.com\/eu\" rel=\"nofollow noopener\">avaliados em milh\u00f5es de euros<\/a>, um mercado tradicionalmente dominado por fabricantes europeus como a Ferrari, a Lamborghini, a Porsche, a Mercedes-Benz e a Maserati.<\/p>\n<p>Embora a BYD tenha afirmado que o <strong>Denza Z oferece um desempenho \u201carrasador\u201d, com mais de 1.000 cv<\/strong> e capacidade para acelerar dos 0 aos 100 km\/h em menos de dois segundos, n\u00e3o foram ent\u00e3o revelados detalhes t\u00e9cnicos.<\/p>\n<p><a target=\"_blank\" href=\"https:\/\/pplware.sapo.pt\/wp-content\/uploads\/2026\/06\/deza_z_02.webp\" rel=\"nofollow noopener\"><img loading=\"lazy\" decoding=\"async\" src=\"https:\/\/www.europesays.com\/pt\/wp-content\/uploads\/2026\/06\/deza_z_02-720x405.webp\" alt=\"Imagem Denza Z\" width=\"720\" height=\"405\" class=\"aligncenter wp-image-1124234 size-medium\"  \/><\/a><\/p>\n<p>Tr\u00eas motores el\u00e9tricos e mais de 1.500 cv<\/p>\n<p>Na mais recente lista de ve\u00edculos de novas energias aprovados para comercializa\u00e7\u00e3o pelo Minist\u00e9rio da Ind\u00fastria e Tecnologias de Informa\u00e7\u00e3o da China (MIIT), foram divulgadas novas informa\u00e7\u00f5es na quinta-feira.<\/p>\n<p>Baseado na plataforma e3 da BYD, o Denza Z est\u00e1 equipado com tr\u00eas motores el\u00e9tricos, <strong>um motor dianteiro com 670 cv (500 kW) e dois motores traseiros com 455 cv (340 kW)<\/strong> cada. Em conjunto, o sistema disponibiliza 1.582 cv (1.180 kW).<\/p>\n<p>Dimens\u00f5es pr\u00f3ximas das refer\u00eancias europeias<\/p>\n<p>O roadster el\u00e9trico de quatro lugares mede 4.780 mm de comprimento, 1.990 mm de largura e 1.350 mm de altura, contando com uma dist\u00e2ncia entre eixos de 2.780 mm.\u00a0Em termos de dimens\u00f5es, \u00e9 <strong>ligeiramente maior do que o Porsche 911<\/strong> e aproxima-se mais do tamanho do Mercedes-AMG GT Coupe.<\/p>\n<p>Ainda assim, o <strong>Denza Z supera ambos em pot\u00eancia<\/strong>. O 911 Turbo S disponibiliza at\u00e9 701 cv, enquanto o Mercedes-AMG GT Coupe oferece at\u00e9 1.153 cv.<\/p>\n<dl class=\"gallery-item\">\n<dt class=\"gallery-icon landscape\">\n\t\t\t\t<a data-attachment-id=\"1124236\" href=\"https:\/\/pplware.sapo.pt\/wp-content\/uploads\/2026\/06\/deza_z_04.webp\" rel=\"nofollow noopener\" target=\"_blank\"><img loading=\"lazy\" decoding=\"async\" width=\"720\" height=\"405\" src=\"https:\/\/www.europesays.com\/pt\/wp-content\/uploads\/2026\/06\/deza_z_04-720x405.webp\" class=\"attachment-medium size-medium\" alt=\"\"  \/><\/a>\n\t\t\t<\/dt>\n<\/dl>\n<dl class=\"gallery-item\">\n<dt class=\"gallery-icon landscape\">\n\t\t\t\t<a data-attachment-id=\"1124246\" href=\"https:\/\/pplware.sapo.pt\/wp-content\/uploads\/2026\/06\/deza_z_05.webp\" rel=\"nofollow noopener\" target=\"_blank\"><img loading=\"lazy\" decoding=\"async\" width=\"720\" height=\"405\" src=\"https:\/\/www.europesays.com\/pt\/wp-content\/uploads\/2026\/06\/deza_z_05-720x405.webp\" class=\"attachment-medium size-medium\" alt=\"\"  \/><\/a>\n\t\t\t<\/dt>\n<\/dl>\n<p><br style=\"clear: both\"\/><\/p>\n<p>Velocidade m\u00e1xima superior a 349 km\/h<\/p>\n<p>O superdesportivo el\u00e9trico da <strong>BYD consegue atingir uma velocidade m\u00e1xima de 349 km\/h<\/strong> e pesa 2.650 kg na vers\u00e3o de tejadilho r\u00edgido.<\/p>\n<p>O Denza Z estar\u00e1 dispon\u00edvel com capota em lona e contar\u00e1 tamb\u00e9m com um pacote Track Edition orientado para utiliza\u00e7\u00e3o em circuito, equipado com um enorme aileron traseiro.<\/p>\n<p>Bateria Blade e tecnologia Flash Charging<\/p>\n<p>O modelo incorpora ainda a <strong>nova bateria Blade da BYD e o sistema de carregamento ultrarr\u00e1pido Flash Charging<\/strong>. No entanto, a autonomia e as restantes especifica\u00e7\u00f5es da bateria ainda n\u00e3o foram divulgadas.<\/p>\n<p>Tendo em conta que o <a target=\"_blank\" href=\"https:\/\/pplware.sapo.pt\/motores\/este-e-o-veiculo-eletrico-com-maior-autonomia-do-mundo-com-1-036-km-denza-z9-gt\/\" rel=\"nofollow noopener\">Denza Z9 GT<\/a> oferece at\u00e9 599 km de autonomia WLTP, \u00e9 expect\u00e1vel que o <strong>Denza Z apresente um valor semelhante<\/strong> ou ligeiramente inferior, devido \u00e0 sua orienta\u00e7\u00e3o mais desportiva.<\/p>\n<p><a target=\"_blank\" href=\"https:\/\/pplware.sapo.pt\/wp-content\/uploads\/2026\/06\/deza_z_03.webp\" rel=\"nofollow noopener\"><img loading=\"lazy\" decoding=\"async\" src=\"https:\/\/www.europesays.com\/pt\/wp-content\/uploads\/2026\/06\/deza_z_03-720x405.webp\" alt=\"Imagem Denza Z\" width=\"720\" height=\"405\" class=\"aligncenter wp-image-1124235 size-medium\"  \/><\/a><\/p>\n<p>Tecnologia capaz de \u201cdan\u00e7ar\u201d e circular sobre tr\u00eas rodas<\/p>\n<p>Tal como o Yangwang U9, o Denza Z utilizar\u00e1 o sistema inteligente de controlo da carro\u00e7aria Disus-M da BYD.<\/p>\n<p>Esta tecnologia permite realizar movimentos invulgares, incluindo saltar, \u201cdan\u00e7ar\u201d e at\u00e9 circular apoiado apenas em tr\u00eas rodas.<\/p>\n<p>Estreia global marcada para Goodwood<\/p>\n<p>A BYD encontra-se atualmente a testar o <strong>Denza Z no circuito de N\u00fcrburgring<\/strong> antes da estreia mundial no Goodwood Festival of Speed, no Reino Unido, evento que decorrer\u00e1 entre 9 e 12 de julho de 2026.<\/p>\n<p>Antes da apresenta\u00e7\u00e3o oficial, a <strong>vers\u00e3o Track Edition<\/strong> foi j\u00e1 vista a realizar testes intensivos em pista.\u00a0Os pre\u00e7os dever\u00e3o ser conhecidos em breve, mas tudo indica que o Denza Z ser\u00e1 mais caro do que o Denza Z9 GT, cujo <strong>pre\u00e7o inicial \u00e9 de 115.000 euros, incluindo IVA<\/strong>.<\/p>\n<p>A grande quest\u00e3o \u00e9 saber se o Denza Z conseguir\u00e1 competir com modelos como o Mercedes-AMG GT e outros superdesportivos de luxo europeus.<\/p>\n","protected":false},"excerpt":{"rendered":"A China come\u00e7ou por copiar. Depois aprendeu. Mais tarde igualou os melhores. Hoje, em muitos setores, j\u00e1 lidera.&hellip;\n","protected":false},"author":2,"featured_media":415720,"comment_status":"","ping_status":"","sticky":false,"template":"","format":"standard","meta":{"footnotes":"","_share_on_mastodon":"0"},"categories":[83],"tags":[88,3895,426,61369,89,90,32,33],"class_list":["post-415719","post","type-post","status-publish","format-standard","has-post-thumbnail","category-empresas","tag-business","tag-byd","tag-denza","tag-denza-z","tag-economy","tag-empresas","tag-portugal","tag-pt"],"share_on_mastodon":{"url":"https:\/\/pubeurope.com\/@pt\/116739661648431797","error":""},"_links":{"self":[{"href":"https:\/\/www.europesays.com\/pt\/wp-json\/wp\/v2\/posts\/415719","targetHints":{"allow":["GET"]}}],"collection":[{"href":"https:\/\/www.europesays.com\/pt\/wp-json\/wp\/v2\/posts"}],"about":[{"href":"https:\/\/www.europesays.com\/pt\/wp-json\/wp\/v2\/types\/post"}],"author":[{"embeddable":true,"href":"https:\/\/www.europesays.com\/pt\/wp-json\/wp\/v2\/users\/2"}],"replies":[{"embeddable":true,"href":"https:\/\/www.europesays.com\/pt\/wp-json\/wp\/v2\/comments?post=415719"}],"version-history":[{"count":0,"href":"https:\/\/www.europesays.com\/pt\/wp-json\/wp\/v2\/posts\/415719\/revisions"}],"wp:featuredmedia":[{"embeddable":true,"href":"https:\/\/www.europesays.com\/pt\/wp-json\/wp\/v2\/media\/415720"}],"wp:attachment":[{"href":"https:\/\/www.europesays.com\/pt\/wp-json\/wp\/v2\/media?parent=415719"}],"wp:term":[{"taxonomy":"category","embeddable":true,"href":"https:\/\/www.europesays.com\/pt\/wp-json\/wp\/v2\/categories?post=415719"},{"taxonomy":"post_tag","embeddable":true,"href":"https:\/\/www.europesays.com\/pt\/wp-json\/wp\/v2\/tags?post=415719"}],"curies":[{"name":"wp","href":"https:\/\/api.w.org\/{rel}","templated":true}]}}